{"id":4735,"date":"2017-12-11T11:04:17","date_gmt":"2017-12-11T10:04:17","guid":{"rendered":"http:\/\/www.diocesisplasencia.org\/w\/?p=4735"},"modified":"2017-12-11T11:04:17","modified_gmt":"2017-12-11T10:04:17","slug":"la-necrpolis-tebana-de-egipto-en-lunes-investiga","status":"publish","type":"post","link":"https:\/\/diocesisplasencia.org\/hemeroteca\/la-necrpolis-tebana-de-egipto-en-lunes-investiga\/","title":{"rendered":"La necr\u00f3polis tebana de Egipto en Lunes Investiga"},"content":{"rendered":"<p><a href=\"http:\/\/www.diocesisplasencia.org\/w\/wp-content\/uploads\/2015\/La-necrpolis-tebana-de-Egipto-en-Lunes-I_9BAE\/Scan10063.jpg\"><img decoding=\"async\" title=\"Scan10063\" style=\"border-left-width: 0px; border-right-width: 0px; background-image: none; border-bottom-width: 0px; padding-top: 0px; padding-left: 0px; display: inline; padding-right: 0px; border-top-width: 0px\" border=\"0\" alt=\"Scan10063\" src=\"http:\/\/www.diocesisplasencia.org\/w\/wp-content\/uploads\/2015\/La-necrpolis-tebana-de-Egipto-en-Lunes-I_9BAE\/Scan10063_thumb.jpg\" width=\"173\" height=\"244\"><\/a><\/p>\n<p>La Sala de B\u00f3vedas del <b>Seminario Diocesano<\/b> de Plasencia acoger\u00e1 hoy <b>lunes 11 de diciembre, a las 20.00 horas<\/b>, la segunda conferencia de Lunes Investiga.<\/p>\n<p><!--more--><\/p>\n<p>En esta ocasi\u00f3n la conferencia <b><i>\u201cExcavar en Egipto. Cuatro campa\u00f1as de excavaci\u00f3n en la necr\u00f3polis tebana \/2013-2016)\u201d<\/i><\/b> ser\u00e1 impartida por Gregorio Francisco Gonz\u00e1lez, Arque\u00f3logo y escritor. Miembro del proyecto Visir Amen-Hotep Huy, I.E.A.E.  <\/p>\n<p>Esta actividad est\u00e1 organizada por el Obispado de Plasencia en colaboraci\u00f3n con el Cabildo Catedralicio y el Seminario Diocesano. Las conferencias tendr\u00e1n lugar el segundo lunes de cada mes, de noviembre a junio, y est\u00e1n orientadas al conocimiento de las nuevas l\u00edneas de investigaci\u00f3n documental llevadas a cabo tanto por j\u00f3venes investigadores como por expertos ya acreditados.<\/p>\n","protected":false},"excerpt":{"rendered":"<p>La Sala de B\u00f3vedas del Seminario Diocesano de Plasencia acoger\u00e1 hoy lunes 11 de diciembre, a las 20.00 horas, la segunda conferencia de Lunes Investiga.<\/p>\n","protected":false},"author":1,"featured_media":0,"comment_status":"closed","ping_status":"closed","sticky":false,"template":"","format":"standard","meta":{"footnotes":""},"categories":[28],"tags":[],"_links":{"self":[{"href":"https:\/\/diocesisplasencia.org\/hemeroteca\/wp-json\/wp\/v2\/posts\/4735"}],"collection":[{"href":"https:\/\/diocesisplasencia.org\/hemeroteca\/wp-json\/wp\/v2\/posts"}],"about":[{"href":"https:\/\/diocesisplasencia.org\/hemeroteca\/wp-json\/wp\/v2\/types\/post"}],"author":[{"embeddable":true,"href":"https:\/\/diocesisplasencia.org\/hemeroteca\/wp-json\/wp\/v2\/users\/1"}],"replies":[{"embeddable":true,"href":"https:\/\/diocesisplasencia.org\/hemeroteca\/wp-json\/wp\/v2\/comments?post=4735"}],"version-history":[{"count":0,"href":"https:\/\/diocesisplasencia.org\/hemeroteca\/wp-json\/wp\/v2\/posts\/4735\/revisions"}],"wp:attachment":[{"href":"https:\/\/diocesisplasencia.org\/hemeroteca\/wp-json\/wp\/v2\/media?parent=4735"}],"wp:term":[{"taxonomy":"category","embeddable":true,"href":"https:\/\/diocesisplasencia.org\/hemeroteca\/wp-json\/wp\/v2\/categories?post=4735"},{"taxonomy":"post_tag","embeddable":true,"href":"https:\/\/diocesisplasencia.org\/hemeroteca\/wp-json\/wp\/v2\/tags?post=4735"}],"curies":[{"name":"wp","href":"https:\/\/api.w.org\/{rel}","templated":true}]}}