{"id":4714,"date":"2017-11-22T11:11:30","date_gmt":"2017-11-22T10:11:30","guid":{"rendered":"http:\/\/www.diocesisplasencia.org\/w\/?p=4714"},"modified":"2017-11-22T11:11:30","modified_gmt":"2017-11-22T10:11:30","slug":"celebracin-del-envo-a-la-misin","status":"publish","type":"post","link":"https:\/\/diocesisplasencia.org\/hemeroteca\/celebracin-del-envo-a-la-misin\/","title":{"rendered":"Celebraci\u00f3n del Env\u00edo a la Misi\u00f3n"},"content":{"rendered":"<p><a href=\"http:\/\/www.diocesisplasencia.org\/w\/wp-content\/uploads\/2015\/8b8a7910bacd_9C2C\/IMG_6162.jpg\"><img decoding=\"async\" title=\"IMG_6162\" style=\"border-left-width: 0px; border-right-width: 0px; background-image: none; border-bottom-width: 0px; padding-top: 0px; padding-left: 0px; display: inline; padding-right: 0px; border-top-width: 0px\" border=\"0\" alt=\"IMG_6162\" src=\"http:\/\/www.diocesisplasencia.org\/w\/wp-content\/uploads\/2015\/8b8a7910bacd_9C2C\/IMG_6162_thumb.jpg\" width=\"244\" height=\"164\"><\/a><\/p>\n<p>El 18 de noviembre, dentro de la semana de la Iglesia Diocesana, tuvo lugar en Plasencia la celebraci\u00f3n del Env\u00edo Diocesano a la Misi\u00f3n, en la que el obispo diocesano, pudo encontrarse por primera vez en un acto conjunto con agentes pastorales de los distintos organismos diocesanos y de las comunidades parroquiales.<\/p>\n<p><!--more-->Sacerdotes, catequistas, voluntarios de C\u00e1ritas, Manos Unidas, pastoral de la salud,&nbsp; directivos de cofrad\u00edas, animadores de grupos juveniles y de movimientos confraternizaron con el pastor de la di\u00f3cesis en este d\u00eda de reflexi\u00f3n, oraci\u00f3n y convivencia. Comenz\u00f3 la jornada en la sala de b\u00f3vedas del Seminario, convertido en centro de actividades de la Casa de la Iglesia, con una conferencia sobre el tema \u201cLos j\u00f3venes, la fe y el discernimiento vocacional\u201d, que siguiendo las directrices del Papa Francisco, se tratar\u00e1 en el pr\u00f3ximo S\u00ednodo de los obispos y que ser\u00e1 tambi\u00e9n objetivo fundamental en nuestra di\u00f3cesis este curso. Expuso la charla el presidente de la Juventud Estudiante Cat\u00f3lica, Alvaro Mota Medina, quien resumi\u00f3 en 12 claves, con abundantes experiencias personales, el documento preparatorio. <br \/>&nbsp;&nbsp;&nbsp; A continuaci\u00f3n tuvo lugar en la Catedral la Eucarist\u00eda en la que los agentes pudieron renovar, con un emotivo rito de la luz, su compromiso personal con la misi\u00f3n encomendada y recibir del obispo, que&nbsp; en una bella homil\u00eda les hab\u00eda animado y agradecido su servicio eclesial, el env\u00edo a \u201cla misi\u00f3n de acompa\u00f1ar y cuidar de las personas que el Se\u00f1or conf\u00eda a la comunidad diocesana en cada uno de sus ambientes para ser servidores de la comunidad, y a ayudarnos rec\u00edprocamente en el seguimiento de Jes\u00fas humilde y siervo.\u201d Los actos terminaron con una comida de confraternidad en el mismo Seminario.  <\/p>\n<p><a href=\"https:\/\/www.facebook.com\/media\/set\/?set=ms.c.eJxFUkmSRTEIulGX83D~%3Bi3U9~%3BZJFNhYgEJlNWVyk2YW5~%3BngHTl5c6fkbWH3PrfUQZjNQOkTwRymLQ~%3BBS4ijWPQjCFuldy6CsaEDU9Ru4HMLSRkMhavRpCIGStIh8iNFQuy01ackLxkaDneBDJn77bxDEQ9E~_RMcgYN2s1mmgMdrGDAVNOGdsER2NOkTo~_CB~_8XOMFVqndWpA2PaBkl14O4XTHA16iO3D0Ie1zKDkELFpsxHfxykBoftR8BE8iGjBYEQ1HmUby2ssZA4mKhC~%3BZu3bEhMuDdaj1xgOJnXDJcLlUHBBYd9nczeOrrYPV~%3BjIcWr5D1PtnCU~-.bps.a.1143124299152211.1073741927.241822302615753&amp;type=3\" target=\"_blank\" rel=\"noopener noreferrer\">Todas las fotos de la celebraci\u00f3n aqu\u00ed<\/a><\/p>\n","protected":false},"excerpt":{"rendered":"<p>El 18 de noviembre, dentro de la semana de la Iglesia Diocesana, tuvo lugar en Plasencia la celebraci\u00f3n del Env\u00edo Diocesano a la Misi\u00f3n, en la que el obispo diocesano, pudo encontrarse por primera vez en un acto conjunto con agentes pastorales de los distintos&#8230;<\/p>\n","protected":false},"author":1,"featured_media":0,"comment_status":"closed","ping_status":"closed","sticky":false,"template":"","format":"standard","meta":{"footnotes":""},"categories":[28],"tags":[],"_links":{"self":[{"href":"https:\/\/diocesisplasencia.org\/hemeroteca\/wp-json\/wp\/v2\/posts\/4714"}],"collection":[{"href":"https:\/\/diocesisplasencia.org\/hemeroteca\/wp-json\/wp\/v2\/posts"}],"about":[{"href":"https:\/\/diocesisplasencia.org\/hemeroteca\/wp-json\/wp\/v2\/types\/post"}],"author":[{"embeddable":true,"href":"https:\/\/diocesisplasencia.org\/hemeroteca\/wp-json\/wp\/v2\/users\/1"}],"replies":[{"embeddable":true,"href":"https:\/\/diocesisplasencia.org\/hemeroteca\/wp-json\/wp\/v2\/comments?post=4714"}],"version-history":[{"count":0,"href":"https:\/\/diocesisplasencia.org\/hemeroteca\/wp-json\/wp\/v2\/posts\/4714\/revisions"}],"wp:attachment":[{"href":"https:\/\/diocesisplasencia.org\/hemeroteca\/wp-json\/wp\/v2\/media?parent=4714"}],"wp:term":[{"taxonomy":"category","embeddable":true,"href":"https:\/\/diocesisplasencia.org\/hemeroteca\/wp-json\/wp\/v2\/categories?post=4714"},{"taxonomy":"post_tag","embeddable":true,"href":"https:\/\/diocesisplasencia.org\/hemeroteca\/wp-json\/wp\/v2\/tags?post=4714"}],"curies":[{"name":"wp","href":"https:\/\/api.w.org\/{rel}","templated":true}]}}