{"id":4701,"date":"2017-11-11T12:03:00","date_gmt":"2017-11-11T11:03:00","guid":{"rendered":"http:\/\/www.diocesisplasencia.org\/w\/?p=4701"},"modified":"2017-11-11T12:03:00","modified_gmt":"2017-11-11T11:03:00","slug":"la-sillera-del-coro-de-la-catedral-ser-visitable-desde-diciembre","status":"publish","type":"post","link":"https:\/\/diocesisplasencia.org\/hemeroteca\/la-sillera-del-coro-de-la-catedral-ser-visitable-desde-diciembre\/","title":{"rendered":"La siller\u00eda del coro de la catedral ser\u00e1 visitable desde diciembre"},"content":{"rendered":"<p><a href=\"http:\/\/www.elperiodicoextremadura.com\/noticias\/plasencia\/silleria-coro-catedral-sera-visitable-diciembre_1052037.html\" target=\"_blank\" rel=\"noopener noreferrer\">EL PERIODICO EXTREMADURA 11-11-2017<\/a><\/p>\n<p>El pasado mes de julio, se inaugur\u00f3 la reci\u00e9n restaurada siller\u00eda del coro de la Catedral Nueva de Plasencia, una obra que dise\u00f1\u00f3 y realiz\u00f3 el maestro Rodrigo Alem\u00e1n en 1565, y el pr\u00f3ximo mes de diciembre se abrir\u00e1 ya a las visitas de placentinos y turistas. <\/p>\n<p>Aunque ahora se puede ver nada m\u00e1s acceder al templo, una reja impide acercarse a la siller\u00eda. Eso es lo que podr\u00e1n hacer quienes acudan a visitarla, eso s\u00ed, sin tocarla porque una de las medidas incluidas en un informe de prevenci\u00f3n del coro realizado por expertos es evitar su manipulaci\u00f3n, ya que podr\u00eda dar lugar a manchas, golpes y vandalismo.<\/p>\n<p><!--more--><\/p>\n<p><p> As\u00ed, el de\u00e1n de la catedral, Antonio Luis Gal\u00e1n, anunci\u00f3 ayer que el puente festivo del mes de diciembre ha sido la fecha elegida para la apertura al p\u00fablico. \u00abEl obispo ha urgido a que el visitante pueda observar el coro y el cabildo ha decidido que se abra en el puente, y no esperemos m\u00e1s\u00bb. <\/p>\n<p>De momento y, a modo de prueba, se utilizar\u00e1n cintas extensibles para impedir que los visitantes puedan tocarlo, aunque s\u00ed lo podr\u00e1n observar de cerca. Adem\u00e1s, la delegada de Patrimonio de la di\u00f3cesis, Mercedes Orantos, explic\u00f3 que, durante las visitas, siempre habr\u00e1 una persona, trabajadora de la catedral, o voluntaria, para controlar el acceso y el comportamiento de los visitantes. \u00abEstos meses ser\u00e1n de prueba, preparatorios para la avalancha de turistas que suele llegar en el mes de marzo\u00bb. <\/p>\n<p>Gal\u00e1n indic\u00f3 a su vez que, no se ha abierto hasta ahora la siller\u00eda porque estaban a la espera del informe de medidas preventivas. Este recomienda que, para evitar el efecto de los infrarrojos y la luz ultravioleta, se coloquen vinilos en las ventanas que dan directamente al coro y esto tambi\u00e9n se har\u00e1 con las que inciden sobre el retablo del altar mayor. <\/p>\n<p>A su vez, se cambiar\u00e1n las bombillas actuales por otras de led y no se introducir\u00e1n elementos que no hayan sido examinados antes por t\u00e9cnicos, \u00abpara que no haya contaminaci\u00f3n\u00bb. <\/p>\n<p>La siller\u00eda se podr\u00e1 visitar en el mismo horario de apertura de la catedral y, adem\u00e1s, ya se est\u00e1 preparando una nueva ruta, sin fecha de apertura de momento. <\/p>\n<p>El de\u00e1n de la catedral explic\u00f3 que permitir\u00e1 subir al \u00e1ndito de la seo, para recorrerlo y ver las b\u00f3vedas y la c\u00fapula, para pasar despu\u00e9s a una terraza que da al enlosado y, de ah\u00ed, acceder a una torre para observar las vistas de la ciudad. Eso s\u00ed, antes \u00abhay que proteger las campanas y evitar que entren aves y el peligro que pueda suponer para las personas\u00bb. No obstante, \u00abpondr\u00e1 en valor mucho m\u00e1s la catedral\u00bb.<\/p>\n","protected":false},"excerpt":{"rendered":"<p>EL PERIODICO EXTREMADURA 11-11-2017 El pasado mes de julio, se inaugur\u00f3 la reci\u00e9n restaurada siller\u00eda del coro de la Catedral Nueva de Plasencia, una obra que dise\u00f1\u00f3 y realiz\u00f3 el maestro Rodrigo Alem\u00e1n en 1565, y el pr\u00f3ximo mes de diciembre se abrir\u00e1 ya a&#8230;<\/p>\n","protected":false},"author":1,"featured_media":0,"comment_status":"closed","ping_status":"closed","sticky":false,"template":"","format":"standard","meta":{"footnotes":""},"categories":[40],"tags":[],"_links":{"self":[{"href":"https:\/\/diocesisplasencia.org\/hemeroteca\/wp-json\/wp\/v2\/posts\/4701"}],"collection":[{"href":"https:\/\/diocesisplasencia.org\/hemeroteca\/wp-json\/wp\/v2\/posts"}],"about":[{"href":"https:\/\/diocesisplasencia.org\/hemeroteca\/wp-json\/wp\/v2\/types\/post"}],"author":[{"embeddable":true,"href":"https:\/\/diocesisplasencia.org\/hemeroteca\/wp-json\/wp\/v2\/users\/1"}],"replies":[{"embeddable":true,"href":"https:\/\/diocesisplasencia.org\/hemeroteca\/wp-json\/wp\/v2\/comments?post=4701"}],"version-history":[{"count":0,"href":"https:\/\/diocesisplasencia.org\/hemeroteca\/wp-json\/wp\/v2\/posts\/4701\/revisions"}],"wp:attachment":[{"href":"https:\/\/diocesisplasencia.org\/hemeroteca\/wp-json\/wp\/v2\/media?parent=4701"}],"wp:term":[{"taxonomy":"category","embeddable":true,"href":"https:\/\/diocesisplasencia.org\/hemeroteca\/wp-json\/wp\/v2\/categories?post=4701"},{"taxonomy":"post_tag","embeddable":true,"href":"https:\/\/diocesisplasencia.org\/hemeroteca\/wp-json\/wp\/v2\/tags?post=4701"}],"curies":[{"name":"wp","href":"https:\/\/api.w.org\/{rel}","templated":true}]}}