{"id":4680,"date":"2017-11-04T13:25:53","date_gmt":"2017-11-04T12:25:53","guid":{"rendered":"http:\/\/www.diocesisplasencia.org\/w\/?p=4680"},"modified":"2017-11-04T13:25:53","modified_gmt":"2017-11-04T12:25:53","slug":"asamblea-general-diocesana-de-la-confer-en-el-seminario-de-plasencia","status":"publish","type":"post","link":"https:\/\/diocesisplasencia.org\/hemeroteca\/asamblea-general-diocesana-de-la-confer-en-el-seminario-de-plasencia\/","title":{"rendered":"Asamblea general diocesana de la Confer en el Seminario de Plasencia"},"content":{"rendered":"<p><font size=\"2\"><\/font>&nbsp; <\/p>\n<p><a href=\"http:\/\/www.diocesisplasencia.org\/w\/wp-content\/uploads\/2017\/11\/IMG20171104WA0006.jpg\"><font color=\"#3366bb\" size=\"2\"><img decoding=\"async\" title=\"IMG-20171104-WA0006\" style=\"border-left-width: 0px; border-right-width: 0px; border-bottom-width: 0px; display: inline; border-top-width: 0px\" border=\"0\" alt=\"IMG-20171104-WA0006\" src=\"http:\/\/www.diocesisplasencia.org\/w\/wp-content\/uploads\/2017\/11\/IMG20171104WA0006_thumb.jpg\" width=\"244\" height=\"139\"><\/font><\/a><font size=\"2\"> <\/font> <\/p>\n<p><font size=\"2\"><\/font>&nbsp; <\/p>\n<p><font size=\"2\">Hoy s\u00e1bado cuatro de noviembre ha tenido lugar en el Seminario la Asamblea General Ordinaria de la CONFER (Conferencia Espa\u00f1ola de Religiosos) Diocesana de Plasencia.<\/p>\n<p><!--more-->Tras una oraci\u00f3n de inicio la hermana Antonia, presidenta diocesana, ha dirigido unas palabras a las religiosas presentes. Despu\u00e9s ha tenido lugar la intervenci\u00f3n de Monse\u00f1or Retana Obispo de Plasencia quien ha escudado los deseos y expectativas de estas religiosas, para la di\u00f3cesis.<\/font>  <\/p>\n<p><font size=\"2\"><\/font> <\/p>\n<p><font size=\"2\">En la asamblea se ha procedido a la lectura de&nbsp; la Memoria del curso 2016\/2017 y la lectura de la Memoria Econ\u00f3mica. Sobre la una del medio d\u00eda se ha celebrado la Eucarist\u00eda en la catedral placentina. La jornada finalizar\u00e1 con una comida de hermandad.<\/font>  <\/p>\n<p><font size=\"2\">Para las religiosas es muy importante participar en dicha asamblea porque en ella adem\u00e1s de darse \u00e1nimo y esperanza unas a otras para seguir en esta vocaci\u00f3n, que cada d\u00eda se hace m\u00e1s apasionante y arriesgada, es donde pueden expresar sus inquietudes y deseos sobre el \u00abquehacer de la Confer.<\/font>  <\/p>\n<p><font size=\"2\">El objetivo de la Junta Directiva es atender todas aquellas propuestas que cada Hermana o Comunidad consideren adecuadas para su crecimiento personal y comunitario. <\/font><\/p>\n","protected":false},"excerpt":{"rendered":"<p>&nbsp; &nbsp; Hoy s\u00e1bado cuatro de noviembre ha tenido lugar en el Seminario la Asamblea General Ordinaria de la CONFER (Conferencia Espa\u00f1ola de Religiosos) Diocesana de Plasencia.<\/p>\n","protected":false},"author":1,"featured_media":0,"comment_status":"closed","ping_status":"closed","sticky":false,"template":"","format":"standard","meta":{"footnotes":""},"categories":[28],"tags":[],"_links":{"self":[{"href":"https:\/\/diocesisplasencia.org\/hemeroteca\/wp-json\/wp\/v2\/posts\/4680"}],"collection":[{"href":"https:\/\/diocesisplasencia.org\/hemeroteca\/wp-json\/wp\/v2\/posts"}],"about":[{"href":"https:\/\/diocesisplasencia.org\/hemeroteca\/wp-json\/wp\/v2\/types\/post"}],"author":[{"embeddable":true,"href":"https:\/\/diocesisplasencia.org\/hemeroteca\/wp-json\/wp\/v2\/users\/1"}],"replies":[{"embeddable":true,"href":"https:\/\/diocesisplasencia.org\/hemeroteca\/wp-json\/wp\/v2\/comments?post=4680"}],"version-history":[{"count":0,"href":"https:\/\/diocesisplasencia.org\/hemeroteca\/wp-json\/wp\/v2\/posts\/4680\/revisions"}],"wp:attachment":[{"href":"https:\/\/diocesisplasencia.org\/hemeroteca\/wp-json\/wp\/v2\/media?parent=4680"}],"wp:term":[{"taxonomy":"category","embeddable":true,"href":"https:\/\/diocesisplasencia.org\/hemeroteca\/wp-json\/wp\/v2\/categories?post=4680"},{"taxonomy":"post_tag","embeddable":true,"href":"https:\/\/diocesisplasencia.org\/hemeroteca\/wp-json\/wp\/v2\/tags?post=4680"}],"curies":[{"name":"wp","href":"https:\/\/api.w.org\/{rel}","templated":true}]}}