{"id":4664,"date":"2017-10-25T11:40:00","date_gmt":"2017-10-25T09:40:00","guid":{"rendered":"http:\/\/www.diocesisplasencia.org\/w\/?p=4664"},"modified":"2017-10-25T11:40:00","modified_gmt":"2017-10-25T09:40:00","slug":"el-proyecto-de-la-ucav-se-apoyar-en-una-fundacin","status":"publish","type":"post","link":"https:\/\/diocesisplasencia.org\/hemeroteca\/el-proyecto-de-la-ucav-se-apoyar-en-una-fundacin\/","title":{"rendered":"El proyecto de la UCAV se apoyar\u00e1 en una fundaci\u00f3n"},"content":{"rendered":"<p><a href=\"http:\/\/www.elperiodicoextremadura.com\/noticias\/plasencia\/proyecto-ucav-apoyara-fundacion_1048345.html\" target=\"_blank\" rel=\"noopener noreferrer\">EL PERI\u00d3DICO EXTREMADURA 25\/10\/17<\/a><\/p>\n<p>Se van conociendo m\u00e1s detalles de la propuesta de implantaci\u00f3n de la Universidad Cat\u00f3lica de \u00c1vila. Ayer, tuvo lugar una reuni\u00f3n a tres bandas entre el obispado, el ayuntamiento y la universidad y el obispo, Jos\u00e9 Luis Retana, desvel\u00f3 la intenci\u00f3n de crear una fundaci\u00f3n en la que se apoyar\u00e1 el proyecto universitario.<\/p>\n<p><!--more--><\/p>\n<p><p>Ser\u00e1 una fundaci\u00f3n social y estar\u00e1 formada por \u00abpersonas de la ciudad, de reconocido prestigio\u00bb, se\u00f1al\u00f3 Retana. El objetivo es que tenga una \u00abalta participaci\u00f3n social\u00bb y que sirva como base para la implantaci\u00f3n de la universidad, seg\u00fan se\u00f1ala un comunicado conjunto remitido al t\u00e9rmino de la reuni\u00f3n. <\/p>\n<p> Esta comenz\u00f3 a mediod\u00eda y dur\u00f3 unas dos horas y cont\u00f3 con el alcalde y la rectora de la UCAV, Mar\u00eda Rosario S\u00e1ez. Junto a ellos, un equipo de t\u00e9cnicos de las tres instituciones. <\/p>\n<p>Porque se trataba de \u00abir avanzando en el proyecto concreto\u00bb, un proyecto que el obispo subray\u00f3 que \u00abno es del Obispado -en principio no se plantea como sede el seminario- ni solo de la universidad, sino apoyado por la sociedad porque es un bien para nuestra ciudad\u00bb. <\/p>\n<p>Lo mismo ha resaltado ya el alcalde y ayer lo ratific\u00f3 la rectora de la UCAV. \u00abEs una opci\u00f3n m\u00e1s que se puede aprovechar para que vengan j\u00f3venes a la ciudad y para que los placentinos no tengan que marcharse fuera\u00bb. Adem\u00e1s, record\u00f3 que son un centro \u00absin \u00e1nimo de lucro, cumplimos una parte social importante porque tenemos precios para apoyar a familias con rentas bajas o familias de clase media\/baja, as\u00ed que no entiendo d\u00f3nde puede estar el problema\u00bb. <\/p>\n<p>S\u00e1ez se\u00f1al\u00f3 que la Universidad Cat\u00f3lica de \u00c1vila lleva 20 a\u00f1os funcionando y, actualmente, cuenta con 3.000 alumnos en titulaciones oficiales y m\u00e1s de 4.000 si se suman otras propias. <\/p>\n<p>formaci\u00f3n integral \/ Explic\u00f3 que ofrece \u00abuna formaci\u00f3n integral a los alumnos\u00bb y que cuenta con dos centros adscritos, en Valladolid y, el \u00faltimo, en Cantabria, y que su intenci\u00f3n inicial ser\u00eda ofrecer las titulaciones de Magisterio, para Educaci\u00f3n Infantil y Primaria, y Psicolog\u00eda, aunque no se cierran en el futuro \u00aba otras necesidades\u00bb. <\/p>\n<p>Sobre los tr\u00e1mites, puso de ejemplo los realizados en Cantabria, que tambi\u00e9n est\u00e1 en una comunidad aut\u00f3noma distinta, como ser\u00eda el caso de Extremadura, y se\u00f1al\u00f3 que all\u00ed \u00abno hubo inconveniente alguno\u00bb en su implantaci\u00f3n. <\/p>\n<p>De hecho, la directora considera que, si el centro cumple con los est\u00e1ndares de calidad que marca la Junta de Extremadura, \u00abno creo que haya problema\u00bb, dado adem\u00e1s que su implantaci\u00f3n \u00abno tiene coste alguno\u00bb. <\/p>\n<p>En esto incidi\u00f3 tambi\u00e9n Fernando Pizarro, al se\u00f1alar que la Junta, lo \u00fanico que tendr\u00eda que hacer es firmar el decreto de aprobaci\u00f3n de su implantaci\u00f3n. En ocasiones anteriores, ha dicho que el ayuntamiento ceder\u00eda el edificio de los antiguos juzgados y la UCAV se encargar\u00eda de su rehabilitaci\u00f3n. <\/p>\n<p>Para Pizarro, la Junta \u00abfue muy imprudente\u00bb al pronunciarse antes de que estuviera presentado el proyecto. Precisamente, la UCAV va a redactar ahora la memoria acad\u00e9mica y su idea es presentarla a lo largo de este curso para, \u00absi fuera todo muy deprisa\u00bb y la Junta lo aprobara, comenzar el pr\u00f3ximo o el siguiente. \u00abNo perdemos las esperanzas ni queremos que sea un proyecto de enfrentamiento, sino de futuro\u00bb.<\/p>\n","protected":false},"excerpt":{"rendered":"<p>EL PERI\u00d3DICO EXTREMADURA 25\/10\/17 Se van conociendo m\u00e1s detalles de la propuesta de implantaci\u00f3n de la Universidad Cat\u00f3lica de \u00c1vila. Ayer, tuvo lugar una reuni\u00f3n a tres bandas entre el obispado, el ayuntamiento y la universidad y el obispo, Jos\u00e9 Luis Retana, desvel\u00f3 la intenci\u00f3n&#8230;<\/p>\n","protected":false},"author":1,"featured_media":0,"comment_status":"closed","ping_status":"closed","sticky":false,"template":"","format":"standard","meta":{"footnotes":""},"categories":[40],"tags":[],"_links":{"self":[{"href":"https:\/\/diocesisplasencia.org\/hemeroteca\/wp-json\/wp\/v2\/posts\/4664"}],"collection":[{"href":"https:\/\/diocesisplasencia.org\/hemeroteca\/wp-json\/wp\/v2\/posts"}],"about":[{"href":"https:\/\/diocesisplasencia.org\/hemeroteca\/wp-json\/wp\/v2\/types\/post"}],"author":[{"embeddable":true,"href":"https:\/\/diocesisplasencia.org\/hemeroteca\/wp-json\/wp\/v2\/users\/1"}],"replies":[{"embeddable":true,"href":"https:\/\/diocesisplasencia.org\/hemeroteca\/wp-json\/wp\/v2\/comments?post=4664"}],"version-history":[{"count":0,"href":"https:\/\/diocesisplasencia.org\/hemeroteca\/wp-json\/wp\/v2\/posts\/4664\/revisions"}],"wp:attachment":[{"href":"https:\/\/diocesisplasencia.org\/hemeroteca\/wp-json\/wp\/v2\/media?parent=4664"}],"wp:term":[{"taxonomy":"category","embeddable":true,"href":"https:\/\/diocesisplasencia.org\/hemeroteca\/wp-json\/wp\/v2\/categories?post=4664"},{"taxonomy":"post_tag","embeddable":true,"href":"https:\/\/diocesisplasencia.org\/hemeroteca\/wp-json\/wp\/v2\/tags?post=4664"}],"curies":[{"name":"wp","href":"https:\/\/api.w.org\/{rel}","templated":true}]}}