{"id":4632,"date":"2017-10-19T10:39:00","date_gmt":"2017-10-19T08:39:00","guid":{"rendered":"http:\/\/www.diocesisplasencia.org\/w\/?p=4632"},"modified":"2017-10-19T10:39:00","modified_gmt":"2017-10-19T08:39:00","slug":"puesta-en-valor-de-los-misioneros","status":"publish","type":"post","link":"https:\/\/diocesisplasencia.org\/hemeroteca\/puesta-en-valor-de-los-misioneros\/","title":{"rendered":"Puesta en valor de los misioneros"},"content":{"rendered":"<p><a href=\"http:\/\/www.elperiodicoextremadura.com\/noticias\/plasencia\/puesta-valor-misioneros_1047084.html\" target=\"_blank\" rel=\"noopener noreferrer\">EL PERI\u00d3DICO EXTREMADURA 19-10-17<\/a><\/p>\n<p>\u00abLa Iglesia no se entiende si no es para evangelizar, es el mandato de Cristo\u00bb. Lo record\u00f3 ayer el obispo de la Di\u00f3cesis de Plasencia, Jos\u00e9 Luis Retana, para enmarcar la celebraci\u00f3n, el pr\u00f3ximo domingo, del D\u00eda del Domund, el d\u00eda en que se pone en valor el trabajo de los misioneros repartidos por el mundo y se piden donaciones para que puedan continuar desarrollando la tarea evangelizadora.<\/p>\n<p><!--more--><\/p>\n<p><p>En el caso de la di\u00f3cesis placentina, hay 61 misioneros repartidos por cuatro continentes. Seg\u00fan la informaci\u00f3n del Obispado, en Am\u00e9rica hay 34, en \u00c1frica, 17, en Asia, 8 y en Europa, 2. Son dos obispos, 51 religiosos y 8 sacerdotes. <\/p>\n<p> Seg\u00fan destac\u00f3 Ovidio Delgado, delegado de misiones de la di\u00f3cesis, son \u00abpersonas que han dado su vida al servicio del evangelio\u00bb y \u00abno se trata solo de pedir dinero para las misiones, tambi\u00e9n de que los que estamos aqu\u00ed nos concienciemos del valor de la misi\u00f3n de la Iglesia\u00bb. <\/p>\n<p>Ayer, Stefano Ciopettini, italiano que el verano pasado particip\u00f3 en una misi\u00f3n y ahora est\u00e1 en Espa\u00f1a, explic\u00f3 su experiencia y c\u00f3mo pas\u00f3 de se un joven que solo quer\u00eda jugar al f\u00fatbol y divertirse y que no quer\u00eda o\u00edr hablar del seminario, a ingresar en uno internacional, en el que ha permanecido seis a\u00f1os. \u00abDios me ha tocado el coraz\u00f3n y ha sido todo muy sencillo. Los cristianos tenemos una palabra que da la vida a los que est\u00e1n muertos\u00bb, dijo. <\/p>\n<p>Testimonios como el suyo se expondr\u00e1n en las redes sociales de personas que han colaborado en la campa\u00f1a del Domund a lo largo de su vida. <\/p>\n<p>Adem\u00e1s, hoy, a las 18.30 horas, habr\u00e1 una vigilia de oraci\u00f3n por los misioneros, en la iglesia de El Salvador, y el domingo se har\u00e1 la colecta anual. El a\u00f1o pasado, se recaudaron en la di\u00f3cesis 92.090,78 euros, 6.068,94 menos que en el 2015.<\/p>\n","protected":false},"excerpt":{"rendered":"<p>EL PERI\u00d3DICO EXTREMADURA 19-10-17 \u00abLa Iglesia no se entiende si no es para evangelizar, es el mandato de Cristo\u00bb. Lo record\u00f3 ayer el obispo de la Di\u00f3cesis de Plasencia, Jos\u00e9 Luis Retana, para enmarcar la celebraci\u00f3n, el pr\u00f3ximo domingo, del D\u00eda del Domund, el d\u00eda&#8230;<\/p>\n","protected":false},"author":1,"featured_media":0,"comment_status":"closed","ping_status":"closed","sticky":false,"template":"","format":"standard","meta":{"footnotes":""},"categories":[40],"tags":[],"_links":{"self":[{"href":"https:\/\/diocesisplasencia.org\/hemeroteca\/wp-json\/wp\/v2\/posts\/4632"}],"collection":[{"href":"https:\/\/diocesisplasencia.org\/hemeroteca\/wp-json\/wp\/v2\/posts"}],"about":[{"href":"https:\/\/diocesisplasencia.org\/hemeroteca\/wp-json\/wp\/v2\/types\/post"}],"author":[{"embeddable":true,"href":"https:\/\/diocesisplasencia.org\/hemeroteca\/wp-json\/wp\/v2\/users\/1"}],"replies":[{"embeddable":true,"href":"https:\/\/diocesisplasencia.org\/hemeroteca\/wp-json\/wp\/v2\/comments?post=4632"}],"version-history":[{"count":0,"href":"https:\/\/diocesisplasencia.org\/hemeroteca\/wp-json\/wp\/v2\/posts\/4632\/revisions"}],"wp:attachment":[{"href":"https:\/\/diocesisplasencia.org\/hemeroteca\/wp-json\/wp\/v2\/media?parent=4632"}],"wp:term":[{"taxonomy":"category","embeddable":true,"href":"https:\/\/diocesisplasencia.org\/hemeroteca\/wp-json\/wp\/v2\/categories?post=4632"},{"taxonomy":"post_tag","embeddable":true,"href":"https:\/\/diocesisplasencia.org\/hemeroteca\/wp-json\/wp\/v2\/tags?post=4632"}],"curies":[{"name":"wp","href":"https:\/\/api.w.org\/{rel}","templated":true}]}}