{"id":4572,"date":"2017-09-15T13:37:54","date_gmt":"2017-09-15T11:37:54","guid":{"rendered":"http:\/\/www.diocesisplasencia.org\/w\/?p=4572"},"modified":"2017-09-15T13:37:54","modified_gmt":"2017-09-15T11:37:54","slug":"nuestro-obispo-con-el-papa-en-roma","status":"publish","type":"post","link":"https:\/\/diocesisplasencia.org\/hemeroteca\/nuestro-obispo-con-el-papa-en-roma\/","title":{"rendered":"Nuestro obispo con el Papa en Roma"},"content":{"rendered":"<p><a href=\"http:\/\/www.diocesisplasencia.org\/w\/wp-content\/uploads\/2015\/Nuestro-obispo-con-el-Papa-en-Roma_BF1C\/02247_14092017.jpg\"><img decoding=\"async\" title=\"02247_14092017\" style=\"border-left-width: 0px; border-right-width: 0px; background-image: none; border-bottom-width: 0px; padding-top: 0px; padding-left: 0px; display: inline; padding-right: 0px; border-top-width: 0px\" border=\"0\" alt=\"02247_14092017\" src=\"http:\/\/www.diocesisplasencia.org\/w\/wp-content\/uploads\/2015\/Nuestro-obispo-con-el-Papa-en-Roma_BF1C\/02247_14092017_thumb.jpg\" width=\"244\" height=\"163\"><\/a>  <\/p>\n<p>El Papa recibi\u00f3 ayer jueves 14 de septiembre, en audiencia, a los obispos de todo el mundo participantes en el curso de formaci\u00f3n para nuevos obispos celebrado en Roma. <\/p>\n<p><!--more-->Don Jos\u00e9 Luis tuvo la ocasi\u00f3n de saludar y hablar con el Santo Padre como as\u00ed refleja esta entra\u00f1able imagen.<\/p>\n","protected":false},"excerpt":{"rendered":"<p>El Papa recibi\u00f3 ayer jueves 14 de septiembre, en audiencia, a los obispos de todo el mundo participantes en el curso de formaci\u00f3n para nuevos obispos celebrado en Roma.<\/p>\n","protected":false},"author":1,"featured_media":0,"comment_status":"closed","ping_status":"closed","sticky":false,"template":"","format":"standard","meta":{"footnotes":""},"categories":[28],"tags":[],"_links":{"self":[{"href":"https:\/\/diocesisplasencia.org\/hemeroteca\/wp-json\/wp\/v2\/posts\/4572"}],"collection":[{"href":"https:\/\/diocesisplasencia.org\/hemeroteca\/wp-json\/wp\/v2\/posts"}],"about":[{"href":"https:\/\/diocesisplasencia.org\/hemeroteca\/wp-json\/wp\/v2\/types\/post"}],"author":[{"embeddable":true,"href":"https:\/\/diocesisplasencia.org\/hemeroteca\/wp-json\/wp\/v2\/users\/1"}],"replies":[{"embeddable":true,"href":"https:\/\/diocesisplasencia.org\/hemeroteca\/wp-json\/wp\/v2\/comments?post=4572"}],"version-history":[{"count":0,"href":"https:\/\/diocesisplasencia.org\/hemeroteca\/wp-json\/wp\/v2\/posts\/4572\/revisions"}],"wp:attachment":[{"href":"https:\/\/diocesisplasencia.org\/hemeroteca\/wp-json\/wp\/v2\/media?parent=4572"}],"wp:term":[{"taxonomy":"category","embeddable":true,"href":"https:\/\/diocesisplasencia.org\/hemeroteca\/wp-json\/wp\/v2\/categories?post=4572"},{"taxonomy":"post_tag","embeddable":true,"href":"https:\/\/diocesisplasencia.org\/hemeroteca\/wp-json\/wp\/v2\/tags?post=4572"}],"curies":[{"name":"wp","href":"https:\/\/api.w.org\/{rel}","templated":true}]}}