{"id":4569,"date":"2017-09-01T12:42:00","date_gmt":"2017-09-01T10:42:00","guid":{"rendered":"http:\/\/www.diocesisplasencia.org\/w\/?p=4569"},"modified":"2017-09-01T12:42:00","modified_gmt":"2017-09-01T10:42:00","slug":"la-catedral-eliminar-las-humedades-que-estn-deteriorando-el-altar-de-la-asuncin","status":"publish","type":"post","link":"https:\/\/diocesisplasencia.org\/hemeroteca\/la-catedral-eliminar-las-humedades-que-estn-deteriorando-el-altar-de-la-asuncin\/","title":{"rendered":"La catedral eliminar\u00e1 las humedades que est\u00e1n deteriorando el altar de la Asunci\u00f3n"},"content":{"rendered":"<p>DIARIO HOY 01-09-17<\/p>\n<p>El cabildo catedralicio de Plasencia ha recibido la autorizaci\u00f3n municipal para llevar a cabo obras de mejora en una de las cubiertas del templo, la situada sobre la capilla de la Asunci\u00f3n. Se trata de eliminar las humedades que desde hace tiempo afectan a ese altar y que ha generado diversos da\u00f1os, como el desprendimiento del pan de oro en algunas zonas.<\/p>\n<p><!--more--><\/p>\n<p><p>El responsable de patrimonio de la Di\u00f3cesis y de\u00e1n de la catedral, Antonio Luis Gal\u00e1n, detall\u00f3 ayer que las obras consistir\u00e1n en levantar las baldosas de la terraza situada sobre la capilla, que da al enlosado, sellar con material aislante y crear canalizaciones el agua de lluvia. Con eso bastar\u00e1 para que no se siga filtrando al interior de la catedral. Tambi\u00e9n se va a crear un nuevo acceso a la torre del campanario que permitir\u00e1 acceder a ella desde un punto intermedio, sin necesidad de entrar por la sacrist\u00eda. Las obras van a ser financiadas \u00edntegramente por el cabildo con un importe que supera los 30.000 euros. <\/p>\n<h5><font style=\"font-weight: bold\">Visitas al coro<\/font><\/h5>\n<p>Entre los planes inmediatos del cabildo con respecto a la catedral se encuentra tambi\u00e9n permitir las visitas en el interior del reci\u00e9n restaurado coro, que volvi\u00f3 a abrir sus puertas a mediados de julio tras haber permanecido cerrado y oculto durante 16 meses mientras se llevaban a cabo los trabajos. <\/p>\n<p>Los responsables de la Di\u00f3cesis est\u00e1n buscando el modo de que los visitantes puedan acceder al interior del coro sin que se da\u00f1e la siller\u00eda. De hecho, seg\u00fan apunta Antonio Luis Gal\u00e1n, una de las principales causas del grave deterioro que presentaba esta gran joya del patrimonio cultural placentino ha sido el maltrato por parte de las personas que acced\u00edan al interior, algo que ocurr\u00eda antiguamente ya que desde hace d\u00e9cadas el coro permanece con la verja cerrada y s\u00f3lo se puede contemplar desde el exterior. Incluso se produc\u00edan robos de figuras que desaparecieron en su d\u00eda y que han tenido que ser respuestas durante la restauraci\u00f3n, al menos aquellas que estaban documentadas. <\/p>\n<p>La idea, indic\u00f3 el de\u00e1n, es colocar alg\u00fan tipo de protecci\u00f3n que impida que se pueda tocar la siller\u00eda. Tambi\u00e9n est\u00e1 previsto instalar una nueva iluminaci\u00f3n que sirva para realzar algunos elementos del coro, y se colocar\u00e1n vinilos en una de las ventanas de la catedral para evitar que sol incida directamente sobre la siller\u00eda, cuya restauraci\u00f3n ha sido realizada por la empresa Proyecto y Rehabilitaciones Kalam S.A. y ha costado 363.290 euros. <\/p>\n<p>El maestro Rodrigo Alem\u00e1n termin\u00f3 de tallar el coro de la catedral a finales del siglo XVI. La siller\u00eda cuenta con 67 sitiales, adem\u00e1s de la silla del obispo y las dos laterales. Todos tienen tallas y relieves de tem\u00e1tica variada, tanto religiosa como profana, entre los que se encuentran varios de car\u00e1cter casi obsceno que han cobrado gran fama.<\/p>\n","protected":false},"excerpt":{"rendered":"<p>DIARIO HOY 01-09-17 El cabildo catedralicio de Plasencia ha recibido la autorizaci\u00f3n municipal para llevar a cabo obras de mejora en una de las cubiertas del templo, la situada sobre la capilla de la Asunci\u00f3n. Se trata de eliminar las humedades que desde hace tiempo&#8230;<\/p>\n","protected":false},"author":1,"featured_media":0,"comment_status":"closed","ping_status":"closed","sticky":false,"template":"","format":"standard","meta":{"footnotes":""},"categories":[40],"tags":[],"_links":{"self":[{"href":"https:\/\/diocesisplasencia.org\/hemeroteca\/wp-json\/wp\/v2\/posts\/4569"}],"collection":[{"href":"https:\/\/diocesisplasencia.org\/hemeroteca\/wp-json\/wp\/v2\/posts"}],"about":[{"href":"https:\/\/diocesisplasencia.org\/hemeroteca\/wp-json\/wp\/v2\/types\/post"}],"author":[{"embeddable":true,"href":"https:\/\/diocesisplasencia.org\/hemeroteca\/wp-json\/wp\/v2\/users\/1"}],"replies":[{"embeddable":true,"href":"https:\/\/diocesisplasencia.org\/hemeroteca\/wp-json\/wp\/v2\/comments?post=4569"}],"version-history":[{"count":0,"href":"https:\/\/diocesisplasencia.org\/hemeroteca\/wp-json\/wp\/v2\/posts\/4569\/revisions"}],"wp:attachment":[{"href":"https:\/\/diocesisplasencia.org\/hemeroteca\/wp-json\/wp\/v2\/media?parent=4569"}],"wp:term":[{"taxonomy":"category","embeddable":true,"href":"https:\/\/diocesisplasencia.org\/hemeroteca\/wp-json\/wp\/v2\/categories?post=4569"},{"taxonomy":"post_tag","embeddable":true,"href":"https:\/\/diocesisplasencia.org\/hemeroteca\/wp-json\/wp\/v2\/tags?post=4569"}],"curies":[{"name":"wp","href":"https:\/\/api.w.org\/{rel}","templated":true}]}}