{"id":4558,"date":"2017-08-28T09:59:58","date_gmt":"2017-08-28T07:59:58","guid":{"rendered":"http:\/\/www.diocesisplasencia.org\/w\/?p=4558"},"modified":"2017-08-28T09:59:58","modified_gmt":"2017-08-28T07:59:58","slug":"jornadas-de-reflexin-misionera-en-cabezuela","status":"publish","type":"post","link":"https:\/\/diocesisplasencia.org\/hemeroteca\/jornadas-de-reflexin-misionera-en-cabezuela\/","title":{"rendered":"Jornadas de reflexi\u00f3n misionera en Cabezuela"},"content":{"rendered":"<p><a href=\"http:\/\/www.diocesisplasencia.org\/w\/wp-content\/uploads\/2015\/Jornadas-de-refle_8A85\/Scan10049.jpg\"><img decoding=\"async\" title=\"Scan10049\" style=\"border-left-width: 0px; border-right-width: 0px; background-image: none; border-bottom-width: 0px; padding-top: 0px; padding-left: 0px; display: inline; padding-right: 0px; border-top-width: 0px\" border=\"0\" alt=\"Scan10049\" src=\"http:\/\/www.diocesisplasencia.org\/w\/wp-content\/uploads\/2015\/Jornadas-de-refle_8A85\/Scan10049_thumb.jpg\" width=\"244\" height=\"159\"><\/a><\/p>\n<p>La casa de espiritualidad de Cabezuela del Valle acoge <strong>del 22 al 24 de septiembre<\/strong> la vig\u00e9simo octava edici\u00f3n de las <strong>Jornadas de Reflexi\u00f3n Misionera<\/strong>, organizadas por las delegaciones de Misiones de Extremadura.<\/p>\n<p><!--more--><\/p>\n<p>Est\u00e1n dirigidas, entre otras personas y movimientos, a presb\u00edteros, religiosos, catequistas, educadores, profesores de religi\u00f3n, movimientos y asociaciones, talleres misioneros, amigos de las misiones y agentes de Pastoral.<\/p>\n<p>Para participar s\u00f3lo hay que dirigirse a las Delegaciones de Misiones de la Di\u00f3cesis correspondiente. En Plasencia llamando al 927411612 o escribiendo un correo a: <a href=\"mailto:misionesplasencia@gmail.com\">misionesplasencia@gmail.com<\/a><\/p>\n","protected":false},"excerpt":{"rendered":"<p>La casa de espiritualidad de Cabezuela del Valle acoge del 22 al 24 de septiembre la vig\u00e9simo octava edici\u00f3n de las Jornadas de Reflexi\u00f3n Misionera, organizadas por las delegaciones de Misiones de Extremadura.<\/p>\n","protected":false},"author":1,"featured_media":0,"comment_status":"closed","ping_status":"closed","sticky":false,"template":"","format":"standard","meta":{"footnotes":""},"categories":[28],"tags":[],"_links":{"self":[{"href":"https:\/\/diocesisplasencia.org\/hemeroteca\/wp-json\/wp\/v2\/posts\/4558"}],"collection":[{"href":"https:\/\/diocesisplasencia.org\/hemeroteca\/wp-json\/wp\/v2\/posts"}],"about":[{"href":"https:\/\/diocesisplasencia.org\/hemeroteca\/wp-json\/wp\/v2\/types\/post"}],"author":[{"embeddable":true,"href":"https:\/\/diocesisplasencia.org\/hemeroteca\/wp-json\/wp\/v2\/users\/1"}],"replies":[{"embeddable":true,"href":"https:\/\/diocesisplasencia.org\/hemeroteca\/wp-json\/wp\/v2\/comments?post=4558"}],"version-history":[{"count":0,"href":"https:\/\/diocesisplasencia.org\/hemeroteca\/wp-json\/wp\/v2\/posts\/4558\/revisions"}],"wp:attachment":[{"href":"https:\/\/diocesisplasencia.org\/hemeroteca\/wp-json\/wp\/v2\/media?parent=4558"}],"wp:term":[{"taxonomy":"category","embeddable":true,"href":"https:\/\/diocesisplasencia.org\/hemeroteca\/wp-json\/wp\/v2\/categories?post=4558"},{"taxonomy":"post_tag","embeddable":true,"href":"https:\/\/diocesisplasencia.org\/hemeroteca\/wp-json\/wp\/v2\/tags?post=4558"}],"curies":[{"name":"wp","href":"https:\/\/api.w.org\/{rel}","templated":true}]}}