{"id":4522,"date":"2017-07-31T13:16:09","date_gmt":"2017-07-31T11:16:09","guid":{"rendered":"http:\/\/www.diocesisplasencia.org\/w\/?p=4522"},"modified":"2017-07-31T13:16:09","modified_gmt":"2017-07-31T11:16:09","slug":"el-seminario-acoge-la-asamblea-general-de-la-jec","status":"publish","type":"post","link":"https:\/\/diocesisplasencia.org\/hemeroteca\/el-seminario-acoge-la-asamblea-general-de-la-jec\/","title":{"rendered":"El Seminario acoge la asamblea General de la JEC"},"content":{"rendered":"<p><a href=\"http:\/\/www.diocesisplasencia.org\/w\/wp-content\/uploads\/2015\/El-Seminario-acoge-la-asamblea-General-d_B577\/19905011_1153263531445735_9039163144720946636_n.jpg\"><img decoding=\"async\" title=\"19905011_1153263531445735_9039163144720946636_n\" style=\"border-left-width: 0px; border-right-width: 0px; background-image: none; border-bottom-width: 0px; padding-top: 0px; padding-left: 0px; display: inline; padding-right: 0px; border-top-width: 0px\" border=\"0\" alt=\"19905011_1153263531445735_9039163144720946636_n\" src=\"http:\/\/www.diocesisplasencia.org\/w\/wp-content\/uploads\/2015\/El-Seminario-acoge-la-asamblea-General-d_B577\/19905011_1153263531445735_9039163144720946636_n_thumb.jpg\" width=\"174\" height=\"244\"><\/a><\/p>\n<p><em><strong>Del 2 al 7 de agosto el Seminario Diocesano acoge la XXXVII Asamblea General de Militantes de la Juventud Estudiante Cat\u00f3lica<\/strong><\/em><\/p>\n<p><!--more--><\/p>\n<p>Cada tres a\u00f1os JEC (Juventud Estudiante Cat\u00f3lica) organiza una asamblea general para todos sus militantes. Este a\u00f1o la Di\u00f3cesis de Plasencia acoge la citada asamblea en el Seminario bajo el lema \u00abJEC: Iglesia en las aulas\u00bb. Unos d\u00edas en los que j\u00f3venes cat\u00f3licos de toda Espa\u00f1a, reflexionar\u00e1n, compartir\u00e1n y dialogar\u00e1n sobre las l\u00edneas de trabajo de este movimiento para los pr\u00f3ximos tres a\u00f1os. <\/p>\n<p><a href=\"http:\/\/www.diocesisplasencia.org\/w\/wp-content\/uploads\/2015\/El-Seminario-acoge-la-asamblea-General-d_B577\/19801019_1152224898216265_3590291150873686742_o.jpg\"><img decoding=\"async\" title=\"19801019_1152224898216265_3590291150873686742_o\" style=\"border-left-width: 0px; border-right-width: 0px; background-image: none; border-bottom-width: 0px; padding-top: 0px; padding-left: 0px; display: inline; padding-right: 0px; border-top-width: 0px\" border=\"0\" alt=\"19801019_1152224898216265_3590291150873686742_o\" src=\"http:\/\/www.diocesisplasencia.org\/w\/wp-content\/uploads\/2015\/El-Seminario-acoge-la-asamblea-General-d_B577\/19801019_1152224898216265_3590291150873686742_o_thumb.jpg\" width=\"244\" height=\"154\"><\/a><\/p>\n","protected":false},"excerpt":{"rendered":"<p>Del 2 al 7 de agosto el Seminario Diocesano acoge la XXXVII Asamblea General de Militantes de la Juventud Estudiante Cat\u00f3lica<\/p>\n","protected":false},"author":1,"featured_media":0,"comment_status":"closed","ping_status":"closed","sticky":false,"template":"","format":"standard","meta":{"footnotes":""},"categories":[28],"tags":[],"_links":{"self":[{"href":"https:\/\/diocesisplasencia.org\/hemeroteca\/wp-json\/wp\/v2\/posts\/4522"}],"collection":[{"href":"https:\/\/diocesisplasencia.org\/hemeroteca\/wp-json\/wp\/v2\/posts"}],"about":[{"href":"https:\/\/diocesisplasencia.org\/hemeroteca\/wp-json\/wp\/v2\/types\/post"}],"author":[{"embeddable":true,"href":"https:\/\/diocesisplasencia.org\/hemeroteca\/wp-json\/wp\/v2\/users\/1"}],"replies":[{"embeddable":true,"href":"https:\/\/diocesisplasencia.org\/hemeroteca\/wp-json\/wp\/v2\/comments?post=4522"}],"version-history":[{"count":0,"href":"https:\/\/diocesisplasencia.org\/hemeroteca\/wp-json\/wp\/v2\/posts\/4522\/revisions"}],"wp:attachment":[{"href":"https:\/\/diocesisplasencia.org\/hemeroteca\/wp-json\/wp\/v2\/media?parent=4522"}],"wp:term":[{"taxonomy":"category","embeddable":true,"href":"https:\/\/diocesisplasencia.org\/hemeroteca\/wp-json\/wp\/v2\/categories?post=4522"},{"taxonomy":"post_tag","embeddable":true,"href":"https:\/\/diocesisplasencia.org\/hemeroteca\/wp-json\/wp\/v2\/tags?post=4522"}],"curies":[{"name":"wp","href":"https:\/\/api.w.org\/{rel}","templated":true}]}}