{"id":4507,"date":"2017-07-20T18:23:00","date_gmt":"2017-07-20T16:23:00","guid":{"rendered":"http:\/\/www.diocesisplasencia.org\/w\/?p=4507"},"modified":"2017-07-20T18:23:00","modified_gmt":"2017-07-20T16:23:00","slug":"la-sillera-del-coro-de-la-catedral-nueva-ya-restaurada-podr-volver-a-visitarse","status":"publish","type":"post","link":"https:\/\/diocesisplasencia.org\/hemeroteca\/la-sillera-del-coro-de-la-catedral-nueva-ya-restaurada-podr-volver-a-visitarse\/","title":{"rendered":"La siller\u00eda del coro de la catedral Nueva, ya restaurada, podr\u00e1 volver a visitarse"},"content":{"rendered":"<p><a href=\"http:\/\/www.elperiodicoextremadura.com\/noticias\/plasencia\/silleria-coro-catedral-nueva-ya-restaurada-podra-volver-visitarse_1029573.html\" target=\"_blank\" rel=\"noopener noreferrer\">EL PERIODICO EXTREMADURA 20-07-17<\/a><\/p>\n<p>El maestro Rodrigo Alem\u00e1n la dise\u00f1\u00f3 y realiz\u00f3 en 1565 y hoy ha recuperado todo su esplendor gracias a una obra de restauraci\u00f3n promovida y costeada por el Instituto de Patrimonio Cultural de Espa\u00f1a. Se trata de la siller\u00eda del coro de la catedral Nueva, que antes de las obras se pod\u00eda visitar y volver\u00e1 a ser visitable, seg\u00fan ha anunciado el de\u00e1n de la catedral, Antonio Luis Gal\u00e1n.<\/p>\n<p><!--more--><\/p>\n<p><p>\u00abEste tipo de obra, sobre todo, es para que el hombre disfrute de su belleza y entienda para qu\u00e9 fue creada\u00bb. Fueron las palabras, ayer, del obispo de la di\u00f3cesis, Jos\u00e9 Luis Retana, en lo que calific\u00f3 de \u00abun d\u00eda muy importante\u00bb. <\/p>\n<p>El alcalde destac\u00f3 que se trata de \u00abuno de los lugares m\u00e1s emblem\u00e1ticos\u00bb de la ciudad y el director general de Bellas Artes, Luis Lafuente, record\u00f3 que el Instituto de Patrimonio tambi\u00e9n ha trabajado antes en la rejer\u00eda de la siller\u00eda, en el dorado de las b\u00f3vedas, en las cubiertas y en el retablo. <\/p>\n<p>La rehabilitaci\u00f3n ha sido posible gracias a una coordinaci\u00f3n entre las administraciones y el Obispado que todos destacaron, como el director general de Patrimonio de la Junta, Francisco P\u00e9rez Urban, quien se\u00f1al\u00f3 a su vez que \u00abse sigue trabajando en el proyecto del museo y hablando con el Obispado por el proyecto del retablo\u00bb. <\/p>\n<p>Se han invertido 363.290,40 euros en la restauraci\u00f3n de sus 67 sitiales, con unas 80 tablas de taracea y m\u00e1s de mil piezas de nogal talladas.<\/p>\n","protected":false},"excerpt":{"rendered":"<p>EL PERIODICO EXTREMADURA 20-07-17 El maestro Rodrigo Alem\u00e1n la dise\u00f1\u00f3 y realiz\u00f3 en 1565 y hoy ha recuperado todo su esplendor gracias a una obra de restauraci\u00f3n promovida y costeada por el Instituto de Patrimonio Cultural de Espa\u00f1a. Se trata de la siller\u00eda del coro&#8230;<\/p>\n","protected":false},"author":1,"featured_media":0,"comment_status":"closed","ping_status":"closed","sticky":false,"template":"","format":"standard","meta":{"footnotes":""},"categories":[40],"tags":[],"_links":{"self":[{"href":"https:\/\/diocesisplasencia.org\/hemeroteca\/wp-json\/wp\/v2\/posts\/4507"}],"collection":[{"href":"https:\/\/diocesisplasencia.org\/hemeroteca\/wp-json\/wp\/v2\/posts"}],"about":[{"href":"https:\/\/diocesisplasencia.org\/hemeroteca\/wp-json\/wp\/v2\/types\/post"}],"author":[{"embeddable":true,"href":"https:\/\/diocesisplasencia.org\/hemeroteca\/wp-json\/wp\/v2\/users\/1"}],"replies":[{"embeddable":true,"href":"https:\/\/diocesisplasencia.org\/hemeroteca\/wp-json\/wp\/v2\/comments?post=4507"}],"version-history":[{"count":0,"href":"https:\/\/diocesisplasencia.org\/hemeroteca\/wp-json\/wp\/v2\/posts\/4507\/revisions"}],"wp:attachment":[{"href":"https:\/\/diocesisplasencia.org\/hemeroteca\/wp-json\/wp\/v2\/media?parent=4507"}],"wp:term":[{"taxonomy":"category","embeddable":true,"href":"https:\/\/diocesisplasencia.org\/hemeroteca\/wp-json\/wp\/v2\/categories?post=4507"},{"taxonomy":"post_tag","embeddable":true,"href":"https:\/\/diocesisplasencia.org\/hemeroteca\/wp-json\/wp\/v2\/tags?post=4507"}],"curies":[{"name":"wp","href":"https:\/\/api.w.org\/{rel}","templated":true}]}}