{"id":4497,"date":"2017-07-19T14:11:32","date_gmt":"2017-07-19T12:11:32","guid":{"rendered":"http:\/\/www.diocesisplasencia.org\/w\/?p=4497"},"modified":"2017-07-19T14:11:32","modified_gmt":"2017-07-19T12:11:32","slug":"inaugurada-la-restauracin-de-la-sillera-del-coro-de-la-catedral-nueva-de-plasencia","status":"publish","type":"post","link":"https:\/\/diocesisplasencia.org\/hemeroteca\/inaugurada-la-restauracin-de-la-sillera-del-coro-de-la-catedral-nueva-de-plasencia\/","title":{"rendered":"Inaugurada la restauraci\u00f3n de la Siller\u00eda del Coro de la Catedral Nueva de Plasencia"},"content":{"rendered":"<p><a href=\"http:\/\/www.diocesisplasencia.org\/w\/wp-content\/uploads\/2015\/Inauguracin_C614\/IMG_5853.jpg\"><img decoding=\"async\" title=\"IMG_5853\" style=\"border-left-width: 0px; border-right-width: 0px; background-image: none; border-bottom-width: 0px; padding-top: 0px; padding-left: 0px; display: inline; padding-right: 0px; border-top-width: 0px\" border=\"0\" alt=\"IMG_5853\" src=\"http:\/\/www.diocesisplasencia.org\/w\/wp-content\/uploads\/2015\/Inauguracin_C614\/IMG_5853_thumb.jpg\" width=\"244\" height=\"164\"><\/a><\/p>\n<p><b><em>La siller\u00eda y su entorno forman un singular conjunto de estilo g\u00f3tico, con 67 sitiales, cerca de 80 tablas de taracea y m\u00e1s de mil piezas de nogal talladas<\/em><\/b><\/p>\n<p>El director general de Bellas Artes y Patrimonio Cultural, Luis Lafuente Batanero -junto al Obispo de Plasencia, Jos\u00e9 Luis Retana Gozalo, el subdelegado del Gobierno en C\u00e1ceres, Jos\u00e9 Carlos Bote, el alcalde de Plasencia, Fernando Pizarro y el director general de Bibliotecas, Museos y Patrimonio Cultural de la Junta de Extremadura, Francisco P\u00e9rez Urban- ha inaugurado hoy los trabajos de restauraci\u00f3n y conservaci\u00f3n del conjunto del coro de la Catedral Nueva de Plasencia.<\/p>\n<p><!--more--><\/p>\n<p>La intervenci\u00f3n -que ha durado 16 meses y ha contado con una inversi\u00f3n de 363.290,40 \u20ac. \u2013 ha sido llevada a cabo por el Instituto del Patrimonio Cultural de Espa\u00f1a (IPCE), del Ministerio de Educaci\u00f3n, Cultura y Deporte.  <\/p>\n<p>Para el director general de Bellas Artes, \u201ces una aut\u00e9ntica satisfacci\u00f3n venir a inaugurar esta obra de restauraci\u00f3n de esta obra maestra que es el Coro de la Catedral de Plasencia\u201d y ha a\u00f1adido que la inversi\u00f3n de las mismas ha llegado gracias a los fondos del Instituto del Patrimonio Cultural de Espa\u00f1a de la Direcci\u00f3n General de Bellas Artes del Ministerio de Educaci\u00f3n, Cultura y Deporte.  <\/p>\n<p>Dicha restauraci\u00f3n \u201ces el mejor ejemplo de la coordinaci\u00f3n entre las administraciones p\u00fablicas, en este caso el Obispado, para conseguir que en su conjunto la Catedral presente un estado \u201cexcelente\u201d a trav\u00e9s del Plan General de Catedrales, ha afirmado Luis Lafuente Batanero.  <\/p>\n<p>Por su parte, el subdelegado del Gobierno en C\u00e1ceres, Jos\u00e9 Carlos Bote, ha destacado \u201cla importancia de la rehabilitaci\u00f3n de nuestro patrimonio cultural, hist\u00f3rico y art\u00edstico, y elevar la tarea de rehabilitaci\u00f3n patrimonial a una responsabilidad esencial y moral de todos, ciudadanos y administraciones p\u00fablicas, porque tenemos la obligaci\u00f3n de legar esta riqueza a las futuras generaciones para que puedan disfrutar igual que hoy lo estamos haciendo nosotros\u201d.  <\/p>\n<p>Seguidamente, Bote ha expresado su \u201cagradecimiento al Gobierno de Espa\u00f1a y, en concreto, al Instituto del Patrimonio Cultural de Espa\u00f1a por haber tenido la iniciativa de restaurar esta siller\u00eda g\u00f3tica, y de haber destinado a ella la importante suma de m\u00e1s de 363.000 euros\u201d.  <\/p>\n<p>Don Jos\u00e9 Luis Retana Gozalo, ha destacado en su intervenci\u00f3n, entre otras cuestiones, que gracias al trabajo que se ha llevado a cabo, el Coro ha recuperado la funci\u00f3n para la que se cre\u00f3 en su d\u00eda, \u201calabar a Dios y cantar en la liturgia\u201d.  <\/p>\n<p><b>LOS TRABAJOS<\/b>  <\/p>\n<p>La intervenci\u00f3n en la hist\u00f3rica siller\u00eda, declarada Bien de Inter\u00e9s Cultural (BIC), fue promovida por el Instituto del Patrimonio Cultural de Espa\u00f1a, desde donde se han dirigido los trabajos llevados a cabo por un equipo multidisciplinar formado por especialistas en restauraci\u00f3n, carpinter\u00eda hist\u00f3rica, qu\u00edmica e imagen documental, tras ser adjudicada la actuaci\u00f3n, en concurso abierto, a la empresa Kalam.  <\/p>\n<p>El singular conjunto cultural de la seo placentina alberga un total de sesenta y siete sitiales (cuarenta y uno en la siller\u00eda alta y veintis\u00e9is en la baja), con cerca de ochenta tablas de taracea y m\u00e1s de mil piezas de nogal talladas. Los trabajos de restauraci\u00f3n han incluido el facistol, un peque\u00f1o \u00f3rgano, las puertas de acceso y una limpieza y saneamiento general de los muros y del entorno.  <\/p>\n<p><b>LOS DA\u00d1OS<\/b>  <\/p>\n<p>En general la siller\u00eda evidenciaba una gran acumulaci\u00f3n de suciedad, y una gran cantidad de da\u00f1os mec\u00e1nicos, desplazamientos, roturas y p\u00e9rdidas de piezas, que han venido incidiendo en una creciente fragilidad del conjunto, e incluso riesgo de desplome de los elementos volados, como los chapiteles de los sitiales presidenciales. A estos se hab\u00edan de a\u00f1adir los da\u00f1os ocultos provocados por la humedad de los muros y el ataque prolongado de insectos, causantes de una notable acumulaci\u00f3n de detritus en las zonas inaccesibles de la estructura.  <\/p>\n<p>Los trabajos se han dirigido, en primer lugar, a actuar sobre el entorno: limpiar las zonas ocultas, aplicar tratamientos contra insectos, sanear los muros y aislar de estos convenientemente la madera de la f\u00e1brica. En segundo lugar se han tratado los problemas estructurales mediante consolidaci\u00f3n de la madera afectada por xil\u00f3fagos y mediante carpinter\u00eda tradicional, a\u00f1adiendo los elementos de madera necesarios para su soporte y muy puntualmente realizando piezas nuevas para integrar su funcionalidad y la trama decorativa seriada. Especialmente laboriosa ha sido la limpieza de las capas de suciedad e incrustaciones sobre la delicada talla de madera, para la que se ha utilizado principalmente la t\u00e9cnica de l\u00e1ser. Finalmente se procedi\u00f3 a aplicar una capa de protecci\u00f3n con una formulaci\u00f3n espec\u00edfica a base de resinas de hidrocarburos de bajo peso molecular.  <\/p>\n<p>El proyecto ha requerido un amplio trabajo previo de recopilaci\u00f3n documental sobre la obra. Se ha registrado meticulosamente su estado inicial, la composici\u00f3n de los diferentes revestimientos que impregnaban la madera, sus caracter\u00edsticas t\u00e9cnicas y la clasificaci\u00f3n de los elementos de los que est\u00e1 compuesto cada sitial y su estructura de apoyo.  <\/p>\n<p><b>RESTAURACI\u00d3N<\/b>  <\/p>\n<p>Tras ello se desmont\u00f3 el coro alto, lo que permiti\u00f3 el acceso a las zonas ocultas y la recuperaci\u00f3n de piezas de la siller\u00eda que se hab\u00edan roto y ca\u00eddo por la parte trasera de los sitiales, as\u00ed como de otros muy diversos y curiosos objetos que de forma casual pero continuada hab\u00edan ido cayendo desde que el coro fue montado en el siglo XVI: fragmentos de documentos, restos de indumentaria, unos quevedos\u2026  <\/p>\n<p>Se mont\u00f3 un taller en las dependencias de la Catedral para el tratamiento de los cerca de ochenta tableros de taracea, y las cerca de quinientas piezas de talla que se desmontaron. Paralelamente se llevaron a cabo los trabajos de restauraci\u00f3n del coro bajo, un organito y las puertas de acceso, as\u00ed como la limpieza y saneado de muros y del entorno. Al final se volvi\u00f3 a montar cada pieza exactamente en su lugar de origen, tal y como se coloc\u00f3 en 1565.  <\/p>\n<p>S\u00edntesis hist\u00f3rica  <\/p>\n<p>La siller\u00eda es una de las grandes obras del maestro Rodrigo Alem\u00e1n. Instalada originalmente en la Catedral Vieja, y fue trasladada a la nueva en 1565, adapt\u00e1ndose a la nueva planta de la nave central, m\u00e1s ancha que la original. Por ello se aprecian numerosos desajustes en las esquinas y mutilaciones de piezas, que son testigos de que la siller\u00eda no fue proyectada para ese espacio y tuvo que adaptarse a \u00e9l.  <\/p>\n<p>Realizada en nogal, puede considerarse un verdadero museo de escultura por la extraordinaria calidad y complejidad de su labor art\u00edstica, por la talla admirable, diminuta y creativa de las esculturas. Pero lo que distingue a esta obra maestra de sus contempor\u00e1neas en Espa\u00f1a es la inclusi\u00f3n de respaldos con tableros de taraceas figurativas con los retratos de Santos y los mismos Reyes Cat\u00f3licos.<\/p>\n","protected":false},"excerpt":{"rendered":"<p>La siller\u00eda y su entorno forman un singular conjunto de estilo g\u00f3tico, con 67 sitiales, cerca de 80 tablas de taracea y m\u00e1s de mil piezas de nogal talladas El director general de Bellas Artes y Patrimonio Cultural, Luis Lafuente Batanero -junto al Obispo de&#8230;<\/p>\n","protected":false},"author":1,"featured_media":0,"comment_status":"closed","ping_status":"closed","sticky":false,"template":"","format":"standard","meta":{"footnotes":""},"categories":[28],"tags":[],"_links":{"self":[{"href":"https:\/\/diocesisplasencia.org\/hemeroteca\/wp-json\/wp\/v2\/posts\/4497"}],"collection":[{"href":"https:\/\/diocesisplasencia.org\/hemeroteca\/wp-json\/wp\/v2\/posts"}],"about":[{"href":"https:\/\/diocesisplasencia.org\/hemeroteca\/wp-json\/wp\/v2\/types\/post"}],"author":[{"embeddable":true,"href":"https:\/\/diocesisplasencia.org\/hemeroteca\/wp-json\/wp\/v2\/users\/1"}],"replies":[{"embeddable":true,"href":"https:\/\/diocesisplasencia.org\/hemeroteca\/wp-json\/wp\/v2\/comments?post=4497"}],"version-history":[{"count":0,"href":"https:\/\/diocesisplasencia.org\/hemeroteca\/wp-json\/wp\/v2\/posts\/4497\/revisions"}],"wp:attachment":[{"href":"https:\/\/diocesisplasencia.org\/hemeroteca\/wp-json\/wp\/v2\/media?parent=4497"}],"wp:term":[{"taxonomy":"category","embeddable":true,"href":"https:\/\/diocesisplasencia.org\/hemeroteca\/wp-json\/wp\/v2\/categories?post=4497"},{"taxonomy":"post_tag","embeddable":true,"href":"https:\/\/diocesisplasencia.org\/hemeroteca\/wp-json\/wp\/v2\/tags?post=4497"}],"curies":[{"name":"wp","href":"https:\/\/api.w.org\/{rel}","templated":true}]}}