{"id":4490,"date":"2017-07-13T10:54:00","date_gmt":"2017-07-13T08:54:00","guid":{"rendered":"http:\/\/www.diocesisplasencia.org\/w\/?p=4490"},"modified":"2017-07-13T10:54:00","modified_gmt":"2017-07-13T08:54:00","slug":"el-seminario-de-plasencia-no-se-cierra","status":"publish","type":"post","link":"https:\/\/diocesisplasencia.org\/hemeroteca\/el-seminario-de-plasencia-no-se-cierra\/","title":{"rendered":"El Seminario de la Di\u00f3cesis de Plasencia no se cierra"},"content":{"rendered":"<p><a href=\"http:\/\/www.diocesisplasencia.org\/w\/wp-content\/uploads\/2015\/El-Seminario-de-Plasencia-no-se-cierra_98D6\/seminario-300x200.jpg\"><img decoding=\"async\" style=\"background-image: none; border-right-width: 0px; margin: 0px auto; padding-left: 0px; padding-right: 0px; display: block; float: none; border-top-width: 0px; border-bottom-width: 0px; border-left-width: 0px; padding-top: 0px\" title=\"seminario-300x200\" border=\"0\" alt=\"seminario-300x200\" src=\"http:\/\/www.diocesisplasencia.org\/w\/wp-content\/uploads\/2015\/El-Seminario-de-Plasencia-no-se-cierra_98D6\/seminario-300x200_thumb.jpg\" width=\"244\" height=\"164\"><\/a><\/p>\n<p>Ante las noticias publicadas por algunos medios afirmando que se cierra el Seminario de la Di\u00f3cesis de Plasencia, el Obispado env\u00eda esta carta que el Sr. Obispo dirige a los sacerdotes de la Di\u00f3cesis que aclara este asunto. En ella se afirma el traslado de los seminaristas al teologado que la Di\u00f3cesis de \u00c1vila tiene en Salamanca, donde ya hay seminaristas de otras cinco di\u00f3cesis. Cada Di\u00f3cesis conserva su seminario, aunque los seminaristas residan en el mencionado teologado. La buena formaci\u00f3n humana de los seminaristas se consigue mejor con una comunidad formada por un n\u00famero mayor de personas. Esta es la principal finalidad y causa del traslado de los seminaristas placentinos a Salamanca. Nuestro seminario sigue vivo y abierto, aunque los seminaristas residan en una comunidad formada tambi\u00e9n por los seminaristas de otras di\u00f3cesis residiendo en Salamanca. <\/p>\n<p><!--more--><\/p>\n<p><p><strong><em>A los sacerdotes de la di\u00f3cesis<\/em><\/strong>  <\/p>\n<p><em>Sobre el futuro del Seminario Mayor<\/em>  <\/p>\n<p>Queridos hermanos y amigos  <\/p>\n<p>Desde que tuve noticia, en el pasado mes de febrero, de que el Santo Padre me hab\u00eda nombrado obispo de Plasencia y, m\u00e1s a\u00fan despu\u00e9s de mi ordenaci\u00f3n episcopal y toma de posesi\u00f3n de la di\u00f3cesis el pasado mes de junio, he sentido muy viva la preocupaci\u00f3n por el Seminario: en este momento, con s\u00f3lo tres alumnos en Estudios Eclesi\u00e1sticos, se corre el riesgo de que queden empobrecidas, en mayor o menos medida, todas las dimensiones propias de la formaci\u00f3n sacerdotal. Como bien sab\u00e9is, esta situaci\u00f3n de escasez de alumnos se mantiene as\u00ed desde hace varios cursos y, lo que es peor, a d\u00eda de hoy no hay perspectivas reales de que vaya a cambiar de forma sensible en el futuro.  <\/p>\n<p>En estos meses, desde que se hizo p\u00fablico mi nombramiento, he tenido ocasi\u00f3n de hablar con mis predecesores, Don Carlos L\u00f3pez y Don Amadeo Rodr\u00edguez, quienes ya tuvieron que enfrentarse a este mismo problema, con la duda de si era mejor mantener el Seminario en la misma di\u00f3cesis, sostenidos por la esperanza de que pudieran cambiar las circunstancias favorablemente, o buscar una alternativa realista y eficaz para la formaci\u00f3n de los futuros sacerdotes de nuestra di\u00f3cesis.  <\/p>\n<p>En las \u00faltimas semanas, he podido recabar el parecer tanto de los profesores del Seminario como de los miembros del Colegio de Consultores, y de manera m\u00e1s circunstancial el de otros sacerdotes, y en todos he podido apreciar el deseo de buscar cuanto antes una soluci\u00f3n que ponga remedio a la situaci\u00f3n actual.  <\/p>\n<p>Animado por mi propia convicci\u00f3n personal y por un parecer tan mayoritario, he decido que, en tanto no cambien de forma sensible las circunstancias, los alumnos de Estudios Eclesi\u00e1sticos vayan a Salamanca. All\u00ed, por una parte, podr\u00e1n proseguir sus estudios en la Facultad de Teolog\u00eda de la Universidad Pontificia y, por otra, se integrar\u00e1n en la comunidad formativa del Teologado de \u00c1vila en Salamanca, en la que viven los seminaristas de otras cuatro di\u00f3cesis.  <\/p>\n<p>Conozco bien la calidad acad\u00e9mica de la Facultad de Teolog\u00eda de Salamanca, as\u00ed como el excelente clima formativo del Teologado de \u00c1vila, del que yo mismo he sido rector durante 15 a\u00f1os, hasta 2012.  <\/p>\n<p>Soy consciente de que esta decisi\u00f3n provoca sentimientos de a\u00f1oranza y tristeza, por una parte, pero, por otra, estoy convencido de que sabremos \u201cleer\u201d esta nueva etapa de la historia de nuestro querido Seminario como un momento de gracia y un signo de los tiempos.  <\/p>\n<p>Entre todos encontraremos la manera de que la distancia geogr\u00e1fica no suponga merma alguna en la relaci\u00f3n efectiva y afectiva entre los seminaristas y los sacerdotes. De igual forma, por lo que se refiere a la implicaci\u00f3n de los propios seminaristas en la pastoral vocacional diocesana.  <\/p>\n<p>Mar\u00eda Inmaculada, patrona de nuestro Seminario, acompa\u00f1ar\u00e1, como buena Madre, a los seminaristas en su nueva andadura, para que sean capaces de dar al Se\u00f1or un s\u00ed valiente y generoso.  <\/p>\n<p>Con mi afecto y amistad<br \/>+ Jos\u00e9 L. Retana Gozalo<br \/>Obispo de Plasencia<\/p>\n","protected":false},"excerpt":{"rendered":"<p>Ante las noticias publicadas por algunos medios afirmando que se cierra el Seminario de la Di\u00f3cesis de Plasencia, el Obispado env\u00eda esta carta que el Sr. Obispo dirige a los sacerdotes de la Di\u00f3cesis que aclara este asunto. En ella se afirma el traslado de&#8230;<\/p>\n","protected":false},"author":1,"featured_media":0,"comment_status":"closed","ping_status":"closed","sticky":false,"template":"","format":"standard","meta":{"footnotes":""},"categories":[28],"tags":[],"_links":{"self":[{"href":"https:\/\/diocesisplasencia.org\/hemeroteca\/wp-json\/wp\/v2\/posts\/4490"}],"collection":[{"href":"https:\/\/diocesisplasencia.org\/hemeroteca\/wp-json\/wp\/v2\/posts"}],"about":[{"href":"https:\/\/diocesisplasencia.org\/hemeroteca\/wp-json\/wp\/v2\/types\/post"}],"author":[{"embeddable":true,"href":"https:\/\/diocesisplasencia.org\/hemeroteca\/wp-json\/wp\/v2\/users\/1"}],"replies":[{"embeddable":true,"href":"https:\/\/diocesisplasencia.org\/hemeroteca\/wp-json\/wp\/v2\/comments?post=4490"}],"version-history":[{"count":0,"href":"https:\/\/diocesisplasencia.org\/hemeroteca\/wp-json\/wp\/v2\/posts\/4490\/revisions"}],"wp:attachment":[{"href":"https:\/\/diocesisplasencia.org\/hemeroteca\/wp-json\/wp\/v2\/media?parent=4490"}],"wp:term":[{"taxonomy":"category","embeddable":true,"href":"https:\/\/diocesisplasencia.org\/hemeroteca\/wp-json\/wp\/v2\/categories?post=4490"},{"taxonomy":"post_tag","embeddable":true,"href":"https:\/\/diocesisplasencia.org\/hemeroteca\/wp-json\/wp\/v2\/tags?post=4490"}],"curies":[{"name":"wp","href":"https:\/\/api.w.org\/{rel}","templated":true}]}}