{"id":4444,"date":"2017-06-24T12:30:00","date_gmt":"2017-06-24T10:30:00","guid":{"rendered":"http:\/\/www.diocesisplasencia.org\/w\/?p=4444"},"modified":"2017-06-24T12:30:00","modified_gmt":"2017-06-24T10:30:00","slug":"jos-luis-retana-que-mi-modo-de-gobierno-sea-el-servicio-humilde-y-amoroso","status":"publish","type":"post","link":"https:\/\/diocesisplasencia.org\/hemeroteca\/jos-luis-retana-que-mi-modo-de-gobierno-sea-el-servicio-humilde-y-amoroso\/","title":{"rendered":"Jos\u00e9 Luis Retana: \u201cQue mi modo de gobierno sea el servicio humilde y amoroso\u201d"},"content":{"rendered":"<p><a href=\"http:\/\/www.vidanuevadigital.com\/2017\/06\/24\/jose-luis-retana-modo-gobierno-sea-servicio-humilde-amoroso\/\" target=\"_blank\" rel=\"noopener noreferrer\">VIDA NUEVA DIGITAL 24\/06\/17<\/a><\/p>\n<p>La localidad extreme\u00f1a de Plasencia se ha vestido de fiesta hoy, 24 de junio, para recibir a <strong>su nuevo obispo, Jos\u00e9 Luis Retana<\/strong>. <\/p>\n<p>Miles de personas, entre amigos, familiares, placentinos \u2013tambi\u00e9n autoridades civiles\u2013, as\u00ed como un numeroso grupo de fieles de \u00c1vila (di\u00f3cesis de procedencia de Retana), asistieron a la ceremonia de ordenaci\u00f3n y toma de posesi\u00f3n que ha tenido lugar en la Catedral.<\/p>\n<p><!--more--><\/p>\n<p><p>El ordenante principal ha sido el <strong>cardenal arzobispo de Valladolid, Ricardo Bl\u00e1zquez<\/strong>, presidente de la Conferencia Episcopal Espa\u00f1ola; ha estado acompa\u00f1ado por Celso Morga, arzobispo de M\u00e9rida-Badajoz; y Jes\u00fas Garc\u00eda Burillo, obispo de \u00c1vila, as\u00ed como del nuncio apost\u00f3lico en Espa\u00f1a, Renzo Fratini y otros muchos prelados espa\u00f1oles. <\/p>\n<p><strong>El momento m\u00e1s destacado se vivi\u00f3 durante la liturgia de la ordenaci\u00f3n<\/strong>, cuando Bl\u00e1zquez le hizo a Retana las preguntas preceptivas sobre la aceptaci\u00f3n del ministerio episcopal, \u00e9l y todos los obispos presentes le impusieron las manos sobre la cabeza y se le entreg\u00f3 el anillo, la mitra y el b\u00e1culo pastoral, invit\u00e1ndole a continuaci\u00f3n a sentarse en su c\u00e1tedra. <\/p>\n<h5>Bl\u00e1zquez: \u201cAma con amor de padre a los pobres\u201d<\/h5>\n<p><img fetchpriority=\"high\" decoding=\"async\" alt=\"Jos&eacute; Luis Retana nuevo obispo de Plasencia ordenado por cardenal Ricardo Bl&aacute;zquez\" src=\"http:\/\/www.vidanuevadigital.com\/wp-content\/uploads\/2017\/06\/retana-y-blazquez.jpg\" width=\"550\" height=\"282\"> <\/p>\n<p>El nuevo obispo, arrodillado ante el cardenal Bl\u00e1zquez durante el rito de la ordenaci\u00f3n <\/p>\n<p>En la homil\u00eda, Bl\u00e1zquez empez\u00f3 hablando de la vecindad y amistad de \u00c1vila y Plasencia, y de ah\u00ed un \u201cintercambio de dones\u201d que se ha dado entre ambas, especialmente significativo en el caso de sacerdotes abulenses convertidos en obispos placentinos. <\/p>\n<p><strong>Su alocuci\u00f3n tuvo varios momentos entra\u00f1ables, pues tanto \u00e9l como el nuevo obispo se conocen desde hace a\u00f1os<\/strong>, incluso, seg\u00fan cont\u00f3, fueron monaguillos del mismo p\u00e1rroco, \u201cque dej\u00f3 en ambos una huella imborrable\u201d. \u201cDurante a\u00f1os formamos parte del mismo presbiterio; desde hoy somos hermanos en el ministerio episcopal, compartiendo la responsabilidad apost\u00f3lica\u201d. <\/p>\n<p>Aprovechando la coincidencia de la festividad hoy de San Juan Bautista, el cardenal de Valladolid ha pedido al nuevo obispo que siga su ejemplo de denuncia de las injusticias contra los indefensos y los m\u00e1s pobres: <strong>\u201cAma, querido Jos\u00e9 Luis, con amor de padre a los pobres<\/strong>, d\u00e9biles y excluidos; atiende con solicitud especial a los j\u00f3venes que miran el futuro con incertidumbre\u201d. <\/p>\n<p>Le ha explicado que <strong>el ministerio episcopal consiste en \u201cser precursor del Se\u00f1or, encaminando a las personas al encuentro con Jesucristo<\/strong>, y, citando a Jorge Mario Bergoglio en 2001, a\u00f1adi\u00f3: <strong>\u201cEl obispo est\u00e1 en medio de la grey como el que sirve<\/strong>. Unas veces va delante abriendo camino y guiando al reba\u00f1o; otras, camina entre las ovejas escuchando, promoviendo la concordia y tendiendo puentes de paz; otras veces va detr\u00e1s de las ovejas, animando a las cansadas, curando a las enfermas y vendando a las heridas. El pastor es inseparable del reba\u00f1o, cuya suerte comparte; no apacienta a distancia\u201d. <\/p>\n<h5>Primeras palabras de Retana<\/h5>\n<p>El resto de la celebraci\u00f3n ha continuado con Jos\u00e9 Luis Retana ya como celebrante principal. Al final de la misa ha sido cuando el nuevo obispo ha tomado la palabra. Retana ha agradecido a Dios y a la Iglesia esta \u201chermosa misi\u00f3n\u201d que se le conf\u00eda, \u201ca pesar de mi debilidad y de la pobreza de mi persona\u201d. <\/p>\n<p>Ha repasado situaciones y personas que han marcado su vida y su trayectoria de fe, desde sus primeros a\u00f1os en su pueblo natal de Pedro Bernardo hasta el tiempo en el Seminario y en la Facultad de Teolog\u00eda de la Universidad Pontificia de Salamanca, y en este punto ha podido saludar a algunos profesores presentes, como <strong>Olegario Gonz\u00e1lez de Cardedal, Jos\u00e9 Manuel S\u00e1nchez Caro o el propio Ricardo Bl\u00e1zquez<\/strong>. Adem\u00e1s, ha tenido un recuerdo especial para el obispo ya fallecido, Felipe Fern\u00e1ndez Garc\u00eda, que le orden\u00f3 sacerdote en \u00c1vila en 1979. <\/p>\n<h5>Las tres tareas del obispo<\/h5>\n<p>Tras esta introducci\u00f3n, y en lo que ha sido el primer saludo en persona a su nuevo pueblo, ha asegurado que quiere ser \u201cel que ve, cuida y vigila a su reba\u00f1o\u201d, y ha explicado en qu\u00e9 consiste esta tarea de pastor a trav\u00e9s de una tr\u00edada de palabras: <strong>ense\u00f1ar, santificar y gobernar<\/strong>. <\/p>\n<p>\u201cLa Iglesia me pide ense\u00f1ar, sabiendo que <strong>yo debo ser el primer disc\u00edpulo<\/strong>. Hacer presente la Palabra de Dios, ofrecer la luz que es la misma persona de Cristo en medio de la desorientaci\u00f3n de nuestro tiempo. No ense\u00f1ando ideas propias, sino proponer su Palabra y su modo de vivir\u201d. <\/p>\n<p>\u201cLa Iglesia \u2013ha continuado\u2013 me pide santificar a los hombres, sobre todo mediante los sacramentos y el culto. (\u2026) Como pastor vuestro <strong>deseo ser un ejemplo de fe y un testimonio de santidad<\/strong>, para ser cada d\u00eda m\u00e1s un pastor seg\u00fan el coraz\u00f3n de Cristo\u201d. <\/p>\n<p>La tercera misi\u00f3n es \u201cgobernar, guiar con la autoridad de Cristo al pueblo que Dios me ha encomedado. Una autoridad que es servicio y que se ejerce en nombre de Jesucristo. (\u2026) <strong>Que mi modo de gobierno sea el servicio humilde y amoroso del lavatorio de los pies<\/strong>, y que sepa cuidar de todas las ovejas, tambi\u00e9n de las perdidas, del reba\u00f1o que se me ha confiado\u201d. <\/p>\n<h5>En el centro, la evangelizaci\u00f3n y los pobres<\/h5>\n<p>En cuanto a sus prioridades pastorales, <strong>Retana no ha desvelado ning\u00fan plan especial<\/strong>. Ha saludado a los sacerdotes y agradecido \u201cvuestro trabajo silencioso y la fidelidad\u201d, a los seminaristas, a los consagrados, movimientos eclesiales y laicos. <\/p>\n<p>\u201cTodos formamos la \u00fanica Iglesia de Jes\u00fas\u201d, ha dicho, y por eso ha invitado a todos a \u201chacer visible al Se\u00f1or y a su Iglesia\u201d con \u201cosad\u00eda y sin miedo\u201d, y a poner <strong>\u201cen el centro de nuestros desvelos a los pobres\u201d<\/strong>. <\/p>\n<h5>Apuntes biogr\u00e1ficos<\/h5>\n<ul>\n<li>Jos\u00e9 Luis Retana naci\u00f3 en Pedro Bernardo (\u00c1vila) el 12 de marzo de 1953; <strong>tiene 64 a\u00f1os<\/strong>.\n<li>Estudi\u00f3 en los seminarios menor y mayor de \u00c1vila y se licenci\u00f3 en Teolog\u00eda por la Universidad Pontificia de Salamanca, bajo la direcci\u00f3n de Ricardo Bl\u00e1zquez; dos cursos los hizo en Friburgo (Suiza).\n<li>Fue ordenado sacerdote en 1979, con 26 a\u00f1os; desarroll\u00f3 su ministerio sacerdotal en varios pueblos de la Di\u00f3cesis de \u00c1vila y fue tambi\u00e9n, entre otras tareas, rector del seminario de \u00c1vila en Salamanca.\n<li>Desde 1998 hasta la actualidad, era miembro del colegio de consultores y del consejo presbiteral de la Di\u00f3cesis abulense. Otros cargos que ha desempe\u00f1ado all\u00ed son el de <strong>vicario episcopal para las instituciones de ense\u00f1anza, de\u00e1n de la Catedral, adjunto a la direcci\u00f3n de Patrimonio<\/strong>, director del centro de educaci\u00f3n especial \u2018Santa Teresa\u2019 de la localidad de Martiherrero para enfermos ps\u00edquicos o consiliario de Comuni\u00f3n y Liberaci\u00f3n.\n<li><a href=\"http:\/\/www.vidanuevadigital.com\/2017\/03\/09\/jose-luis-retana-nuevo-obispo-de-plasencia\/\">El anuncio de su nombramiento episcopal<\/a> se conoci\u00f3 el pasado 9 de marzo. La di\u00f3cesis estaba vacante desde el traslado de Amadeo Rodr\u00edguez Magro a Ja\u00e9n en mayo de 2016.\n<li><a href=\"http:\/\/www.vidanuevadigital.com\/obispos-espanoles-conferencia-episcopal-espanola\/#francisco\">Es uno de los 15 obispos designados para Espa\u00f1a por Francisco<\/a>.<\/li>\n<\/ul>\n","protected":false},"excerpt":{"rendered":"<p>VIDA NUEVA DIGITAL 24\/06\/17 La localidad extreme\u00f1a de Plasencia se ha vestido de fiesta hoy, 24 de junio, para recibir a su nuevo obispo, Jos\u00e9 Luis Retana. Miles de personas, entre amigos, familiares, placentinos \u2013tambi\u00e9n autoridades civiles\u2013, as\u00ed como un numeroso grupo de fieles de&#8230;<\/p>\n","protected":false},"author":1,"featured_media":0,"comment_status":"closed","ping_status":"closed","sticky":false,"template":"","format":"standard","meta":{"footnotes":""},"categories":[40],"tags":[],"_links":{"self":[{"href":"https:\/\/diocesisplasencia.org\/hemeroteca\/wp-json\/wp\/v2\/posts\/4444"}],"collection":[{"href":"https:\/\/diocesisplasencia.org\/hemeroteca\/wp-json\/wp\/v2\/posts"}],"about":[{"href":"https:\/\/diocesisplasencia.org\/hemeroteca\/wp-json\/wp\/v2\/types\/post"}],"author":[{"embeddable":true,"href":"https:\/\/diocesisplasencia.org\/hemeroteca\/wp-json\/wp\/v2\/users\/1"}],"replies":[{"embeddable":true,"href":"https:\/\/diocesisplasencia.org\/hemeroteca\/wp-json\/wp\/v2\/comments?post=4444"}],"version-history":[{"count":0,"href":"https:\/\/diocesisplasencia.org\/hemeroteca\/wp-json\/wp\/v2\/posts\/4444\/revisions"}],"wp:attachment":[{"href":"https:\/\/diocesisplasencia.org\/hemeroteca\/wp-json\/wp\/v2\/media?parent=4444"}],"wp:term":[{"taxonomy":"category","embeddable":true,"href":"https:\/\/diocesisplasencia.org\/hemeroteca\/wp-json\/wp\/v2\/categories?post=4444"},{"taxonomy":"post_tag","embeddable":true,"href":"https:\/\/diocesisplasencia.org\/hemeroteca\/wp-json\/wp\/v2\/tags?post=4444"}],"curies":[{"name":"wp","href":"https:\/\/api.w.org\/{rel}","templated":true}]}}