{"id":4429,"date":"2017-06-26T11:14:43","date_gmt":"2017-06-26T09:14:43","guid":{"rendered":"http:\/\/www.diocesisplasencia.org\/w\/?p=4429"},"modified":"2017-06-26T11:14:43","modified_gmt":"2017-06-26T09:14:43","slug":"lo-ms-ledo-en-nuestra-web-4","status":"publish","type":"post","link":"https:\/\/diocesisplasencia.org\/hemeroteca\/lo-ms-ledo-en-nuestra-web-4\/","title":{"rendered":"Lo m\u00e1s le\u00eddo en nuestra web"},"content":{"rendered":"<p><a href=\"http:\/\/www.diocesisplasencia.org\/w\/wp-content\/uploads\/2015\/Lo-ms-ledo-en-nuestra-web_9C3F\/DSC_7334.jpg\"><img decoding=\"async\" title=\"DSC_7334\" style=\"border-left-width: 0px; border-right-width: 0px; background-image: none; border-bottom-width: 0px; padding-top: 0px; padding-left: 0px; display: inline; padding-right: 0px; border-top-width: 0px\" border=\"0\" alt=\"DSC_7334\" src=\"http:\/\/www.diocesisplasencia.org\/w\/wp-content\/uploads\/2015\/Lo-ms-ledo-en-nuestra-web_9C3F\/DSC_7334_thumb.jpg\" width=\"244\" height=\"174\"><\/a><\/p>\n<p>Las primeras palabras de <strong>Don Jos\u00e9 Luis<\/strong> como Obispo de Plasencia, pronunciadas en la catedral tras ser ordenado, ha sido la noticia m\u00e1s le\u00edda en nuestra p\u00e1gina web del 19 al 25 de junio, con m\u00e1s de 600 visitas.<\/p>\n<p><!--more--><\/p>\n<p><a href=\"http:\/\/www.diocesisplasencia.org\/w\/?p=4424\" target=\"_blank\" rel=\"noopener noreferrer\">Primeras palabras de Don Jos\u00e9 Luis como obispo de Plasencia<\/a><\/p>\n<p>Nuestra nueva secci\u00f3n <strong>Ordenaci\u00f3n Episcopal<\/strong> que recoge todas las noticias relacionadas con el citado asunto, ha sido la m\u00e1s visitada con casi 1.500 visitas.<\/p>\n<p><a href=\"http:\/\/www.diocesisplasencia.org\/w\/?page_id=4383\" target=\"_blank\" rel=\"noopener noreferrer\">Ordenaci\u00f3n Episcopal<\/a><\/p>\n<p>Muchas gracias a todos por vuestra fidelidad.<\/p>\n","protected":false},"excerpt":{"rendered":"<p>Las primeras palabras de Don Jos\u00e9 Luis como Obispo de Plasencia, pronunciadas en la catedral tras ser ordenado, ha sido la noticia m\u00e1s le\u00edda en nuestra p\u00e1gina web del 19 al 25 de junio, con m\u00e1s de 600 visitas.<\/p>\n","protected":false},"author":1,"featured_media":0,"comment_status":"closed","ping_status":"closed","sticky":false,"template":"","format":"standard","meta":{"footnotes":""},"categories":[28],"tags":[],"_links":{"self":[{"href":"https:\/\/diocesisplasencia.org\/hemeroteca\/wp-json\/wp\/v2\/posts\/4429"}],"collection":[{"href":"https:\/\/diocesisplasencia.org\/hemeroteca\/wp-json\/wp\/v2\/posts"}],"about":[{"href":"https:\/\/diocesisplasencia.org\/hemeroteca\/wp-json\/wp\/v2\/types\/post"}],"author":[{"embeddable":true,"href":"https:\/\/diocesisplasencia.org\/hemeroteca\/wp-json\/wp\/v2\/users\/1"}],"replies":[{"embeddable":true,"href":"https:\/\/diocesisplasencia.org\/hemeroteca\/wp-json\/wp\/v2\/comments?post=4429"}],"version-history":[{"count":0,"href":"https:\/\/diocesisplasencia.org\/hemeroteca\/wp-json\/wp\/v2\/posts\/4429\/revisions"}],"wp:attachment":[{"href":"https:\/\/diocesisplasencia.org\/hemeroteca\/wp-json\/wp\/v2\/media?parent=4429"}],"wp:term":[{"taxonomy":"category","embeddable":true,"href":"https:\/\/diocesisplasencia.org\/hemeroteca\/wp-json\/wp\/v2\/categories?post=4429"},{"taxonomy":"post_tag","embeddable":true,"href":"https:\/\/diocesisplasencia.org\/hemeroteca\/wp-json\/wp\/v2\/tags?post=4429"}],"curies":[{"name":"wp","href":"https:\/\/api.w.org\/{rel}","templated":true}]}}