{"id":4416,"date":"2017-06-24T18:33:23","date_gmt":"2017-06-24T16:33:23","guid":{"rendered":"http:\/\/www.diocesisplasencia.org\/w\/?p=4416"},"modified":"2017-06-24T18:33:23","modified_gmt":"2017-06-24T16:33:23","slug":"saludo-del-administrador-diocesano","status":"publish","type":"post","link":"https:\/\/diocesisplasencia.org\/hemeroteca\/saludo-del-administrador-diocesano\/","title":{"rendered":"Saludo del Administrador Diocesano"},"content":{"rendered":"<p><a href=\"http:\/\/www.diocesisplasencia.org\/w\/wp-content\/uploads\/2017\/06\/DSC_6625.jpg\"><img decoding=\"async\" title=\"DSC_6625\" style=\"border-left-width: 0px; border-right-width: 0px; border-bottom-width: 0px; display: inline; border-top-width: 0px\" border=\"0\" alt=\"DSC_6625\" src=\"http:\/\/www.diocesisplasencia.org\/w\/wp-content\/uploads\/2017\/06\/DSC_6625_thumb.jpg\" width=\"244\" height=\"193\"><\/a>  <\/p>\n<p>Saludo afectuosamente a los Eminent\u00edsimos Se\u00f1ores Cardenales, a los Excelent\u00edsimos y Reverend\u00edsimos se\u00f1ores arzobispos y obispos; a los hermanos sacerdotes, a los miembros de los institutos de vida consagrada y asociaciones de vida apost\u00f3lica, a las autoridades civiles y militares. Reciban mi cordial saludo todos los presentes en nuestras catedrales y todos aquellos que est\u00e1is unidos a nosotros a trav\u00e9s de radio y televisi\u00f3n, participando en esta liturgia, que llena de gozo y esperanza a nuestra Di\u00f3cesis de Plasencia. <\/p>\n<p><!--more--><\/p>\n<p>Doy gracias a Dios por haber llevado en su coraz\u00f3n a quien hoy va a ser ordenado sucesor de los Ap\u00f3stoles y haberlo acompa\u00f1ado y preparado para ser nuestro pastor; al Papa Francisco quien, dej\u00e1ndose guiar por la voz del Esp\u00edritu Santo, lo ha nombrado Obispo de esta porci\u00f3n de la Iglesia que peregrina en Plasencia; y a usted D. Jos\u00e9 Luis que, dejando su querida parroquia de san Pedro Bautista, su querido Centro de educaci\u00f3n especial de Martiherrero y su querida di\u00f3cesis de \u00c1vila, acept\u00f3 venir a nuestra tierra para fortalecer la fe, alentar la esperanza y robustecer la caridad de sus nuevos diocesanos.  <\/p>\n<p>\u00c1vila y Plasencia, Plasencia y \u00c1vila han tenido frecuente relaci\u00f3n por distintos motivos. El Papa Clemente III, que erige can\u00f3nicamente el obispado de Plasencia, en documento dirigido al Obispo abulense fechado en Letr\u00e1n el 1 de julio de 1188, confirma el derecho de \u00c1vila sobre Plasencia. \u201cEs evidente, escribe Francisco Gonz\u00e1lez Cuesta en su Episcopologio, que todav\u00eda no se hab\u00eda creado la di\u00f3cesis placentina\u201d. Despu\u00e9s ha habido cambios de l\u00edmites que afectaban a territorios que unas veces eran de \u00c1vila y otras de Plasencia; hasta el \u00faltimo llevado a cabo en el siglo XX.  <\/p>\n<p>Por otra parte, tambi\u00e9n en el siglo pasado, un sacerdote del presbiterio placentino fue Obispo de \u00c1vila, Monse\u00f1or Felipe Fern\u00e1ndez, que descansa en la Paz del Se\u00f1or, de cuyas manos recibi\u00f3 usted la ordenaci\u00f3n sacerdotal, y uno del presbiterio abulense lo fue de Plasencia, Monse\u00f1or Carlos L\u00f3pez, en la actualidad obispo de Salamanca, felizmente aqu\u00ed con nosotros esta ma\u00f1ana. Hoy, de nuevo, tenemos la alegr\u00eda de recibirle a usted, precioso fruto del presbiterio abulense.  <\/p>\n<p>Su, desde hoy, di\u00f3cesis placentina tiene tierras y gentes castellanas, lim\u00edtrofes de \u00c1vila, y se extiende desde el norte al sur de Extremadura, a lo largo de trescientos kil\u00f3metros. Idiosincrasias diversas que enriquecen el conjunto, no s\u00f3lo por el variado paisaje y clima, sino principalmente por las brillantes cualidades de sus gentes. Nuestra Di\u00f3cesis est\u00e1 sembrada de veneradas im\u00e1genes de Mar\u00eda, estrella de la Evangelizaci\u00f3n, y garant\u00eda de fidelidad a Jesucristo, su hijo. La di\u00f3cesis placentina goza de la protecci\u00f3n de una familia de santos, pues tiene como patronos a san Fulgencio y a su hermana santa Florentina, cuyas reliquias se custodian en Berzocana, hermanos de san Leandro y de san Isidoro. Son nuestros valiosos protectores de las familias en el camino de la fe y en la educaci\u00f3n cristina de los hijos para que sigan su ejemplo de santidad familiar.  <\/p>\n<p>Participamos de las cualidades y defectos de este mundo globalizado. El Papa Francisco, en el discurso al Foro Internacional de Acci\u00f3n Cat\u00f3lica de 27 de abril de este a\u00f1o, dec\u00eda: \u201cEviten caer en la tentaci\u00f3n perfeccionista de la eterna preparaci\u00f3n para la misi\u00f3n y de los eternos an\u00e1lisis que cuando se terminan ya pasaron de moda o est\u00e1n desactualizados\u201d; haci\u00e9ndole caso, no voy a hacer ning\u00fan an\u00e1lisis de nuestra realidad.  <\/p>\n<p>S\u00ed manifiesto, con palabras del Papa en el mismo discurso, lo que pedimos, deseamos y ofrecemos. Dice el Papa: \u201cEl ejemplo es Jes\u00fas con los ap\u00f3stoles: los enviaba con lo que ten\u00edan. Despu\u00e9s los volv\u00eda a reunir y los ayudaba a discernir sobre lo que vivieron\u201d. Sacerdotes y fieles estamos dispuestos a ser enviados por nuestro Obispo con lo que tenemos, y queremos que nos vuelva a reunir para ayudarnos a discernir lo que hayamos vivido.  <\/p>\n<p>Sabemos que usted conf\u00eda y siente la necesidad de la colaboraci\u00f3n sincera del clero y laicos de esta Di\u00f3cesis. Pido a Dios y a su querida Madre nos conceda un coraz\u00f3n abierto y acogedor para no defraudarle en su leg\u00edtima esperanza.  <\/p>\n<p>Que nuestro esp\u00edritu mire hoy especialmente a nuestro futuro, no quiere decir que olvidemos o menospreciemos el pasado. Hemos agradecido y seguimos agradeciendo a Dios la labor pastoral de nuestros \u00faltimos Obispos y, de modo especial, por la inmediatez, de D. Amadeo, que hace poco m\u00e1s de un a\u00f1o fue nombrado Obispo de Ja\u00e9n. D. Carlos convoc\u00f3 un s\u00ednodo que continu\u00f3 D. Amadeo, y dio, y esperamos que siga dando, abundantes frutos pastorales. Es un regalo de Dios que no se pierda la siembra. El Se\u00f1or hace posible que unos recojan el fruto de lo que otros sembraron, y as\u00ed se alegren tanto el que siembra como el que siega.  <\/p>\n<p>Hoy es un d\u00eda de esperanza para nuestra Di\u00f3cesis de Plasencia. Algunos textos del profeta Isa\u00edas pueden iluminar el momento que estamos viviendo: Sobre \u00e9l reposar\u00e1 el esp\u00edritu del Se\u00f1or: esp\u00edritu de sabidur\u00eda e inteligencia, esp\u00edritu de consejo y fortaleza, esp\u00edritu de conocimiento del Se\u00f1or\u2026 Cantad al Se\u00f1or porque ha hecho maravillas\u2026 Confiad siempre en el Se\u00f1or, que \u00c9l es la roca perpetua.  <\/p>\n<p>Enhorabuena D. Jos\u00e9 Luis, enhorabuena sacerdotes y fieles de la di\u00f3cesis de Plasencia porque el Se\u00f1or no abandona a su pueblo, ha escuchado nuestra oraci\u00f3n y nos ha concedido un pastor seg\u00fan su coraz\u00f3n. Bendito sea el Se\u00f1or.<\/p>\n","protected":false},"excerpt":{"rendered":"<p>Saludo afectuosamente a los Eminent\u00edsimos Se\u00f1ores Cardenales, a los Excelent\u00edsimos y Reverend\u00edsimos se\u00f1ores arzobispos y obispos; a los hermanos sacerdotes, a los miembros de los institutos de vida consagrada y asociaciones de vida apost\u00f3lica, a las autoridades civiles y militares. Reciban mi cordial saludo todos&#8230;<\/p>\n","protected":false},"author":1,"featured_media":0,"comment_status":"closed","ping_status":"closed","sticky":false,"template":"","format":"standard","meta":{"footnotes":""},"categories":[28],"tags":[],"_links":{"self":[{"href":"https:\/\/diocesisplasencia.org\/hemeroteca\/wp-json\/wp\/v2\/posts\/4416"}],"collection":[{"href":"https:\/\/diocesisplasencia.org\/hemeroteca\/wp-json\/wp\/v2\/posts"}],"about":[{"href":"https:\/\/diocesisplasencia.org\/hemeroteca\/wp-json\/wp\/v2\/types\/post"}],"author":[{"embeddable":true,"href":"https:\/\/diocesisplasencia.org\/hemeroteca\/wp-json\/wp\/v2\/users\/1"}],"replies":[{"embeddable":true,"href":"https:\/\/diocesisplasencia.org\/hemeroteca\/wp-json\/wp\/v2\/comments?post=4416"}],"version-history":[{"count":0,"href":"https:\/\/diocesisplasencia.org\/hemeroteca\/wp-json\/wp\/v2\/posts\/4416\/revisions"}],"wp:attachment":[{"href":"https:\/\/diocesisplasencia.org\/hemeroteca\/wp-json\/wp\/v2\/media?parent=4416"}],"wp:term":[{"taxonomy":"category","embeddable":true,"href":"https:\/\/diocesisplasencia.org\/hemeroteca\/wp-json\/wp\/v2\/categories?post=4416"},{"taxonomy":"post_tag","embeddable":true,"href":"https:\/\/diocesisplasencia.org\/hemeroteca\/wp-json\/wp\/v2\/tags?post=4416"}],"curies":[{"name":"wp","href":"https:\/\/api.w.org\/{rel}","templated":true}]}}