{"id":4393,"date":"2017-06-22T17:13:00","date_gmt":"2017-06-22T15:13:00","guid":{"rendered":"http:\/\/www.diocesisplasencia.org\/w\/?p=4393"},"modified":"2017-06-22T17:13:00","modified_gmt":"2017-06-22T15:13:00","slug":"plasencia-se-prepara-para-la-ordenacin-del-nuevo-obispo","status":"publish","type":"post","link":"https:\/\/diocesisplasencia.org\/hemeroteca\/plasencia-se-prepara-para-la-ordenacin-del-nuevo-obispo\/","title":{"rendered":"Plasencia se prepara para la ordenaci\u00f3n del nuevo obispo"},"content":{"rendered":"<p><a href=\"http:\/\/www.hoy.es\/plasencia\/plasencia-prepara-ordenacion-20170622002337-ntvo.html\" target=\"_blank\" rel=\"noopener noreferrer\">DIARIO HOY 22-06-17<\/a><\/p>\n<p>Una veintena de obispos acudir\u00e1n este s\u00e1bado a la ordenaci\u00f3n del nuevo prelado de la Di\u00f3cesis de Plasencia, Jos\u00e9 Lu\u00eds Retana Gozalo. As\u00ed lo ha confirmado Francisco Rico Bayo, administrador diocesano, quien ha explicado que tanto Amadeo Rodr\u00edguez Magro como Carlos L\u00f3pez Hern\u00e1ndez, que ocuparon este cargo con anterioridad, acudir\u00e1n a la cita. <\/p>\n<p><!--more--><\/p>\n<p><p>El administrador diocesano ha animado a los ciudadanos a formar parte de esta celebraci\u00f3n religiosa que tendr\u00e1 lugar este s\u00e1bado a las 11:00 horas en la Catedral Nueva y ha insistido en que \u00abla entrada es gratuita y todos ser\u00e1n bien recibidos\u00bb.  <\/p>\n<p>Para poder ofrecer a los asistentes una mayor cercan\u00eda, la Di\u00f3cesis ha dispuesto cerca de una decena de pantallas desde la que podr\u00e1n ver la ceremonia. El espacio que se ha habilitado engloba tanto la Catedral Nueva como la Catedral Vieja y la Plaza de San Esteban y se estima que podr\u00e1 albergar a m\u00e1s de 1.600 personas. <\/p>\n<p>Por su parte, la Cofrad\u00eda de la Vera Cruz ha elaborado una alfombra de sal como elemento decorativo. Tanto la Plaza del Obispado como el balc\u00f3n del seminario tambi\u00e9n ser\u00e1n adornados. <\/p>\n","protected":false},"excerpt":{"rendered":"<p>DIARIO HOY 22-06-17 Una veintena de obispos acudir\u00e1n este s\u00e1bado a la ordenaci\u00f3n del nuevo prelado de la Di\u00f3cesis de Plasencia, Jos\u00e9 Lu\u00eds Retana Gozalo. As\u00ed lo ha confirmado Francisco Rico Bayo, administrador diocesano, quien ha explicado que tanto Amadeo Rodr\u00edguez Magro como Carlos L\u00f3pez&#8230;<\/p>\n","protected":false},"author":1,"featured_media":0,"comment_status":"closed","ping_status":"closed","sticky":false,"template":"","format":"standard","meta":{"footnotes":""},"categories":[40],"tags":[],"_links":{"self":[{"href":"https:\/\/diocesisplasencia.org\/hemeroteca\/wp-json\/wp\/v2\/posts\/4393"}],"collection":[{"href":"https:\/\/diocesisplasencia.org\/hemeroteca\/wp-json\/wp\/v2\/posts"}],"about":[{"href":"https:\/\/diocesisplasencia.org\/hemeroteca\/wp-json\/wp\/v2\/types\/post"}],"author":[{"embeddable":true,"href":"https:\/\/diocesisplasencia.org\/hemeroteca\/wp-json\/wp\/v2\/users\/1"}],"replies":[{"embeddable":true,"href":"https:\/\/diocesisplasencia.org\/hemeroteca\/wp-json\/wp\/v2\/comments?post=4393"}],"version-history":[{"count":0,"href":"https:\/\/diocesisplasencia.org\/hemeroteca\/wp-json\/wp\/v2\/posts\/4393\/revisions"}],"wp:attachment":[{"href":"https:\/\/diocesisplasencia.org\/hemeroteca\/wp-json\/wp\/v2\/media?parent=4393"}],"wp:term":[{"taxonomy":"category","embeddable":true,"href":"https:\/\/diocesisplasencia.org\/hemeroteca\/wp-json\/wp\/v2\/categories?post=4393"},{"taxonomy":"post_tag","embeddable":true,"href":"https:\/\/diocesisplasencia.org\/hemeroteca\/wp-json\/wp\/v2\/tags?post=4393"}],"curies":[{"name":"wp","href":"https:\/\/api.w.org\/{rel}","templated":true}]}}