{"id":4389,"date":"2017-06-22T10:27:42","date_gmt":"2017-06-22T08:27:42","guid":{"rendered":"http:\/\/www.diocesisplasencia.org\/w\/?p=4389"},"modified":"2017-06-22T10:27:42","modified_gmt":"2017-06-22T08:27:42","slug":"los-smbolos-episcopales-de-don-jos-luis","status":"publish","type":"post","link":"https:\/\/diocesisplasencia.org\/hemeroteca\/los-smbolos-episcopales-de-don-jos-luis\/","title":{"rendered":"Los s\u00edmbolos episcopales de Don Jos\u00e9 Luis"},"content":{"rendered":"<p><a href=\"http:\/\/www.diocesisplasencia.org\/w\/wp-content\/uploads\/2015\/Los-smbolos-episcopales-de-Don-Jos-Luis_91D0\/image.png\"><img decoding=\"async\" title=\"image\" style=\"border-left-width: 0px; border-right-width: 0px; background-image: none; border-bottom-width: 0px; padding-top: 0px; padding-left: 0px; margin: 0px; display: inline; padding-right: 0px; border-top-width: 0px\" border=\"0\" alt=\"image\" src=\"http:\/\/www.diocesisplasencia.org\/w\/wp-content\/uploads\/2015\/Los-smbolos-episcopales-de-Don-Jos-Luis_91D0\/image_thumb.png\" width=\"244\" height=\"164\"><\/a><\/p>\n<p>En la ordenaci\u00f3n el nuevo Obispo recibe los signos episcopales. El anillo que es s\u00edmbolo de la alianza esponsal con la Di\u00f3cesis. Indica la fidelidad del Obispo a la Iglesia y su deseo de vivir en unidad interior y exterior de coraz\u00f3n y de obras.<\/p>\n<p><!--more--><\/p>\n<p>La mitra simboliza la santidad que debe sobresalir en el Obispo como ejemplo para sus diocesanos.  <\/p>\n<p>El b\u00e1culo es el signo de la misi\u00f3n de pastor de su pueblo que le encomienda el Se\u00f1or.  <\/p>\n<p><b>CRUZ PECTORAL<\/b>  <\/p>\n<p><a href=\"http:\/\/www.diocesisplasencia.org\/w\/wp-content\/uploads\/2015\/Los-smbolos-episcopales-de-Don-Jos-Luis_91D0\/image_3.png\"><img decoding=\"async\" title=\"image\" style=\"border-left-width: 0px; border-right-width: 0px; background-image: none; border-bottom-width: 0px; padding-top: 0px; padding-left: 0px; margin: 0px; display: inline; padding-right: 0px; border-top-width: 0px\" border=\"0\" alt=\"image\" src=\"http:\/\/www.diocesisplasencia.org\/w\/wp-content\/uploads\/2015\/Los-smbolos-episcopales-de-Don-Jos-Luis_91D0\/image_thumb_3.png\" width=\"244\" height=\"164\"><\/a>  <\/p>\n<p>El pectoral es la cruz que cuelga del pecho con una cadena, signo de que Jes\u00fas debe estar en su interior y ser el due\u00f1o de su coraz\u00f3n para representarlo. Recuerda la Pasi\u00f3n del Se\u00f1or, como momento supremo de su entrega por la redenci\u00f3n del mundo. El obispo, al portar siempre sobre s\u00ed la cruz bendita, se siente invitado a hacer suyas las palabras de San Pablo: \u201cEstoy crucificado con Cristo. Ya no vivo yo, es Cristo quien vive en m\u00ed\u201d (Ga 2, 19).  <\/p>\n<p><b>LA MITRA<\/b>  <\/p>\n<p><a href=\"http:\/\/www.diocesisplasencia.org\/w\/wp-content\/uploads\/2015\/Los-smbolos-episcopales-de-Don-Jos-Luis_91D0\/image_4.png\"><img decoding=\"async\" title=\"image\" style=\"border-left-width: 0px; border-right-width: 0px; background-image: none; border-bottom-width: 0px; padding-top: 0px; padding-left: 0px; margin: 0px; display: inline; padding-right: 0px; border-top-width: 0px\" border=\"0\" alt=\"image\" src=\"http:\/\/www.diocesisplasencia.org\/w\/wp-content\/uploads\/2015\/Los-smbolos-episcopales-de-Don-Jos-Luis_91D0\/image_thumb_4.png\" width=\"244\" height=\"164\"><\/a>  <\/p>\n<p><b><\/b><b><\/b> <\/p>\n<p>La mitra es el tocado o prenda con que los obispos, arzobispos, cardenales y el papa cubren su cabeza durante los oficios lit\u00fargicos. El ritual de la ordenaci\u00f3n es suficientemente expl\u00edcito cuando dice al nuevo obispo en el momento en que le impone la mitra: \u201cbrille en ti el resplandor de la santidad, para que, cuando aparezca el Pr\u00edncipe de los pastores, merezcas la corona de gloria que no se marchita\u201d. Tengamos en cuenta que la autoridad en la Iglesia no est\u00e1 ligada infaliblemente a la santidad. Una cosa es tener la m\u00e1xima autoridad en la Iglesia y otra cosa es ser santo. La Iglesia le recuerda al obispo que la aut\u00e9ntica corona, no es la de los reyes, que simboliza el poder en este mundo, sino la corona de santidad. Por lo tanto, la mitra es un recuerdo de que la autoridad y la santidad pueden fundirse.  <\/p>\n<p>Los Obispos se ponen la mitra en los momentos m\u00e1s significativos de las celebraciones que presiden, como la entrada y la salida, la homil\u00eda y la bendici\u00f3n final, mientras que no lo hacen, por ejemplo, delante del Sant\u00edsimo expuesto.  <\/p>\n<p><b>B\u00c1CULO<\/b>  <\/p>\n<p><a href=\"http:\/\/www.diocesisplasencia.org\/w\/wp-content\/uploads\/2015\/Los-smbolos-episcopales-de-Don-Jos-Luis_91D0\/image_5.png\"><img loading=\"lazy\" decoding=\"async\" title=\"image\" style=\"border-left-width: 0px; border-right-width: 0px; background-image: none; border-bottom-width: 0px; padding-top: 0px; padding-left: 0px; margin: 0px; display: inline; padding-right: 0px; border-top-width: 0px\" border=\"0\" alt=\"image\" src=\"http:\/\/www.diocesisplasencia.org\/w\/wp-content\/uploads\/2015\/Los-smbolos-episcopales-de-Don-Jos-Luis_91D0\/image_thumb_5.png\" width=\"244\" height=\"164\"><\/a>  <\/p>\n<p><b><\/b> <\/p>\n<p><b><\/b><b><\/b> <\/p>\n<p>El b\u00e1culo pastoral es un cayado que llevan los obispos como signo de su funci\u00f3n pastoral y que se le entrega en su consagraci\u00f3n. El B\u00e1culo es el signo exterior de la tarea pastoral del obispo, quien en nombre de Cristo apacienta a la Iglesia de Dios. Llevando en su mano el cayado del pastor, el obispo debe de congregar el reba\u00f1o que le ha sido encomendado, conduci\u00e9ndolo con actitud de servicio y distingui\u00e9ndose por su esp\u00edritu de amor y de preocupaci\u00f3n para con todos.  <\/p>\n<p>El obispo recibe el b\u00e1culo el d\u00eda de su ordenaci\u00f3n, como uno de los signos explicativos de su ministerio: \u201cpor la entrega del b\u00e1culo pastoral, se pone de manifiesto su funci\u00f3n de regir la Iglesia que le ha sido encomendad (Ritual 26.) Cuando lo recibe escucha estas palabras: \u201cRecibe el b\u00e1culo, signo del ministerio pastoral, y cuida de todo el reba\u00f1o que el Esp\u00edritu Santo te ha encargado guardar, como pastor de la Iglesia de Dios\u201d. El obispo porta el b\u00e1culo en la mano, cuando preside una celebraci\u00f3n solemne de su comunidad, en la procesi\u00f3n de entrada, durante la proclamaci\u00f3n del evangelio y para la bendici\u00f3n final.  <\/p>\n<p><b>C\u00c1TEDRA <\/b> <\/p>\n<p><a href=\"http:\/\/www.diocesisplasencia.org\/w\/wp-content\/uploads\/2015\/Los-smbolos-episcopales-de-Don-Jos-Luis_91D0\/image_6.png\"><img loading=\"lazy\" decoding=\"async\" title=\"image\" style=\"border-left-width: 0px; border-right-width: 0px; background-image: none; border-bottom-width: 0px; padding-top: 0px; padding-left: 0px; margin: 0px; display: inline; padding-right: 0px; border-top-width: 0px\" border=\"0\" alt=\"image\" src=\"http:\/\/www.diocesisplasencia.org\/w\/wp-content\/uploads\/2015\/Los-smbolos-episcopales-de-Don-Jos-Luis_91D0\/image_thumb_6.png\" width=\"154\" height=\"244\"><\/a>  <\/p>\n<p><b><\/b> <\/p>\n<p>La palabra \u201cc\u00e1tedra\u201d se aplica sobre todo a la sede del obispo en su iglesia, que se llama \u201ccatedral\u201d por contener la c\u00e1tedra del obispo, como iglesia madre de todas las dem\u00e1s de la di\u00f3cesis. Desde ella, situada de modo que pueda ver y ser visto por su comunidad, preside y predica el obispo en el presbiterio. Tal vez es el s\u00edmbolo m\u00e1s antiguo del ministerio episcopal, de su magisterio y de su autoridad pastoral. En ella normalmente s\u00f3lo toma asiento el obispo propio, o alguien a quien \u00e9l se lo conceda. Los dem\u00e1s, cuando presiden la eucarist\u00eda en la Catedral, lo hacen desde otra sede.  <\/p>\n<p>En la Ordenaci\u00f3n de un obispo, si tiene lugar en la iglesia catedral de su di\u00f3cesis, uno de los gestos m\u00e1s expresivos de la inauguraci\u00f3n de su ministerio es la toma de posesi\u00f3n de su c\u00e1tedra.<\/p>\n","protected":false},"excerpt":{"rendered":"<p>En la ordenaci\u00f3n el nuevo Obispo recibe los signos episcopales. El anillo que es s\u00edmbolo de la alianza esponsal con la Di\u00f3cesis. Indica la fidelidad del Obispo a la Iglesia y su deseo de vivir en unidad interior y exterior de coraz\u00f3n y de obras.<\/p>\n","protected":false},"author":1,"featured_media":0,"comment_status":"closed","ping_status":"closed","sticky":false,"template":"","format":"standard","meta":{"footnotes":""},"categories":[28],"tags":[],"_links":{"self":[{"href":"https:\/\/diocesisplasencia.org\/hemeroteca\/wp-json\/wp\/v2\/posts\/4389"}],"collection":[{"href":"https:\/\/diocesisplasencia.org\/hemeroteca\/wp-json\/wp\/v2\/posts"}],"about":[{"href":"https:\/\/diocesisplasencia.org\/hemeroteca\/wp-json\/wp\/v2\/types\/post"}],"author":[{"embeddable":true,"href":"https:\/\/diocesisplasencia.org\/hemeroteca\/wp-json\/wp\/v2\/users\/1"}],"replies":[{"embeddable":true,"href":"https:\/\/diocesisplasencia.org\/hemeroteca\/wp-json\/wp\/v2\/comments?post=4389"}],"version-history":[{"count":0,"href":"https:\/\/diocesisplasencia.org\/hemeroteca\/wp-json\/wp\/v2\/posts\/4389\/revisions"}],"wp:attachment":[{"href":"https:\/\/diocesisplasencia.org\/hemeroteca\/wp-json\/wp\/v2\/media?parent=4389"}],"wp:term":[{"taxonomy":"category","embeddable":true,"href":"https:\/\/diocesisplasencia.org\/hemeroteca\/wp-json\/wp\/v2\/categories?post=4389"},{"taxonomy":"post_tag","embeddable":true,"href":"https:\/\/diocesisplasencia.org\/hemeroteca\/wp-json\/wp\/v2\/tags?post=4389"}],"curies":[{"name":"wp","href":"https:\/\/api.w.org\/{rel}","templated":true}]}}