{"id":4363,"date":"2017-06-12T17:15:38","date_gmt":"2017-06-12T15:15:38","guid":{"rendered":"http:\/\/www.diocesisplasencia.org\/w\/?p=4363"},"modified":"2017-06-12T17:15:38","modified_gmt":"2017-06-12T15:15:38","slug":"ltima-conferencia-de-los-lunes-investiga","status":"publish","type":"post","link":"https:\/\/diocesisplasencia.org\/hemeroteca\/ltima-conferencia-de-los-lunes-investiga\/","title":{"rendered":"\u00daltima conferencia de los &#8216;Lunes Investiga&#8217;"},"content":{"rendered":"<p><a href=\"http:\/\/www.hoy.es\/plasencia\/201706\/12\/ultima-conferencia-lunes-investiga-20170612002333-v.html\" target=\"_blank\" rel=\"noopener noreferrer\">DIARIO HOY 12-06-17<\/a><\/p>\n<p>La sala de b\u00f3vedas del Seminario Diocesano acoge hoy a las 20.00 horas la \u00faltima sesi\u00f3n del presente curso del ciclo de conferencias &#8216;Lunes Investiga&#8217;, organizado por el Obispado de Plasencia. La charla de hoy lleva por t\u00edtulo &#8216;La ciudad romana de C\u00e1parra. Pasado y futuro&#8217;, y ser\u00e1 impartida por la arque\u00f3loga Eulalia Gij\u00f3n Gabriel, licenciada en Historia del Arte por la Universidad de Sevilla. <\/p>\n<p>El Obispado organiza &#8216;Lunes Investiga&#8217; en colaboraci\u00f3n con el Cabildo Catedralicio y el Seminario Diocesano. Las conferencias se han celebrado el segundo lunes de cada mes entre noviembre y junio, y han estado orientadas al conocimiento de nuevas l\u00edneas de investigaci\u00f3n documental.<\/p>\n","protected":false},"excerpt":{"rendered":"<p>DIARIO HOY 12-06-17 La sala de b\u00f3vedas del Seminario Diocesano acoge hoy a las 20.00 horas la \u00faltima sesi\u00f3n del presente curso del ciclo de conferencias &#8216;Lunes Investiga&#8217;, organizado por el Obispado de Plasencia. La charla de hoy lleva por t\u00edtulo &#8216;La ciudad romana de&#8230;<\/p>\n","protected":false},"author":1,"featured_media":0,"comment_status":"closed","ping_status":"closed","sticky":false,"template":"","format":"standard","meta":{"footnotes":""},"categories":[40],"tags":[],"_links":{"self":[{"href":"https:\/\/diocesisplasencia.org\/hemeroteca\/wp-json\/wp\/v2\/posts\/4363"}],"collection":[{"href":"https:\/\/diocesisplasencia.org\/hemeroteca\/wp-json\/wp\/v2\/posts"}],"about":[{"href":"https:\/\/diocesisplasencia.org\/hemeroteca\/wp-json\/wp\/v2\/types\/post"}],"author":[{"embeddable":true,"href":"https:\/\/diocesisplasencia.org\/hemeroteca\/wp-json\/wp\/v2\/users\/1"}],"replies":[{"embeddable":true,"href":"https:\/\/diocesisplasencia.org\/hemeroteca\/wp-json\/wp\/v2\/comments?post=4363"}],"version-history":[{"count":0,"href":"https:\/\/diocesisplasencia.org\/hemeroteca\/wp-json\/wp\/v2\/posts\/4363\/revisions"}],"wp:attachment":[{"href":"https:\/\/diocesisplasencia.org\/hemeroteca\/wp-json\/wp\/v2\/media?parent=4363"}],"wp:term":[{"taxonomy":"category","embeddable":true,"href":"https:\/\/diocesisplasencia.org\/hemeroteca\/wp-json\/wp\/v2\/categories?post=4363"},{"taxonomy":"post_tag","embeddable":true,"href":"https:\/\/diocesisplasencia.org\/hemeroteca\/wp-json\/wp\/v2\/tags?post=4363"}],"curies":[{"name":"wp","href":"https:\/\/api.w.org\/{rel}","templated":true}]}}