{"id":4361,"date":"2017-06-12T10:49:18","date_gmt":"2017-06-12T08:49:18","guid":{"rendered":"http:\/\/www.diocesisplasencia.org\/w\/?p=4361"},"modified":"2017-06-12T10:49:18","modified_gmt":"2017-06-12T08:49:18","slug":"lo-ms-ledo-en-nuestra-web-del-5-al-11-de-junio","status":"publish","type":"post","link":"https:\/\/diocesisplasencia.org\/hemeroteca\/lo-ms-ledo-en-nuestra-web-del-5-al-11-de-junio\/","title":{"rendered":"Lo m\u00e1s le\u00eddo en nuestra web del 5 al 11 de junio"},"content":{"rendered":"<p><a href=\"http:\/\/www.diocesisplasencia.org\/w\/wp-content\/uploads\/2015\/Lo-ms-ledo-en-nuestra-web-del-5-al-11-de_97A7\/JOSE-LUIS-RETANA-11.jpg\"><img decoding=\"async\" title=\"JOSE LUIS RETANA 11\" style=\"border-left-width: 0px; border-right-width: 0px; background-image: none; border-bottom-width: 0px; padding-top: 0px; padding-left: 0px; display: inline; padding-right: 0px; border-top-width: 0px\" border=\"0\" alt=\"JOSE LUIS RETANA 11\" src=\"http:\/\/www.diocesisplasencia.org\/w\/wp-content\/uploads\/2015\/Lo-ms-ledo-en-nuestra-web-del-5-al-11-de_97A7\/JOSE-LUIS-RETANA-11_thumb.jpg\" width=\"164\" height=\"244\"><\/a><\/p>\n<p>Una semana m\u00e1s, del 5 al 11 de junio, la noticia m\u00e1s le\u00edda de nuestra web es en la que se habla de la Vigilia de Oraci\u00f3n por nuestro obispo electo, que se llevar\u00e1 a cabo en todas las parroquias de la Di\u00f3cesis el jueves 22 de junio.<\/p>\n<p><!--more--><\/p>\n<p><a href=\"http:\/\/www.diocesisplasencia.org\/w\/?p=4354\" target=\"_blank\" rel=\"noopener noreferrer\">Rezamos por Don Jos\u00e9 Luis<\/a><\/p>\n","protected":false},"excerpt":{"rendered":"<p>Una semana m\u00e1s, del 5 al 11 de junio, la noticia m\u00e1s le\u00edda de nuestra web es en la que se habla de la Vigilia de Oraci\u00f3n por nuestro obispo electo, que se llevar\u00e1 a cabo en todas las parroquias de la Di\u00f3cesis el jueves&#8230;<\/p>\n","protected":false},"author":1,"featured_media":0,"comment_status":"closed","ping_status":"closed","sticky":false,"template":"","format":"standard","meta":{"footnotes":""},"categories":[28],"tags":[],"_links":{"self":[{"href":"https:\/\/diocesisplasencia.org\/hemeroteca\/wp-json\/wp\/v2\/posts\/4361"}],"collection":[{"href":"https:\/\/diocesisplasencia.org\/hemeroteca\/wp-json\/wp\/v2\/posts"}],"about":[{"href":"https:\/\/diocesisplasencia.org\/hemeroteca\/wp-json\/wp\/v2\/types\/post"}],"author":[{"embeddable":true,"href":"https:\/\/diocesisplasencia.org\/hemeroteca\/wp-json\/wp\/v2\/users\/1"}],"replies":[{"embeddable":true,"href":"https:\/\/diocesisplasencia.org\/hemeroteca\/wp-json\/wp\/v2\/comments?post=4361"}],"version-history":[{"count":0,"href":"https:\/\/diocesisplasencia.org\/hemeroteca\/wp-json\/wp\/v2\/posts\/4361\/revisions"}],"wp:attachment":[{"href":"https:\/\/diocesisplasencia.org\/hemeroteca\/wp-json\/wp\/v2\/media?parent=4361"}],"wp:term":[{"taxonomy":"category","embeddable":true,"href":"https:\/\/diocesisplasencia.org\/hemeroteca\/wp-json\/wp\/v2\/categories?post=4361"},{"taxonomy":"post_tag","embeddable":true,"href":"https:\/\/diocesisplasencia.org\/hemeroteca\/wp-json\/wp\/v2\/tags?post=4361"}],"curies":[{"name":"wp","href":"https:\/\/api.w.org\/{rel}","templated":true}]}}