{"id":4354,"date":"2017-06-07T10:22:37","date_gmt":"2017-06-07T08:22:37","guid":{"rendered":"http:\/\/www.diocesisplasencia.org\/w\/?p=4354"},"modified":"2017-06-07T10:22:37","modified_gmt":"2017-06-07T08:22:37","slug":"oramos-por-nuestro-obispo-electo-don-jos-luis","status":"publish","type":"post","link":"https:\/\/diocesisplasencia.org\/hemeroteca\/oramos-por-nuestro-obispo-electo-don-jos-luis\/","title":{"rendered":"Oramos por nuestro obispo electo Don Jos\u00e9 Luis"},"content":{"rendered":"<p><a href=\"http:\/\/www.diocesisplasencia.org\/w\/wp-content\/uploads\/2015\/Vigilia-de-oracin-en-las-parroquias-de-l_8FD8\/JOSE-LUIS-RETANA-11.jpg\"><img decoding=\"async\" title=\"JOSE LUIS RETANA 11\" style=\"border-left-width: 0px; border-right-width: 0px; background-image: none; border-bottom-width: 0px; padding-top: 0px; padding-left: 0px; display: inline; padding-right: 0px; border-top-width: 0px\" border=\"0\" alt=\"JOSE LUIS RETANA 11\" src=\"http:\/\/www.diocesisplasencia.org\/w\/wp-content\/uploads\/2015\/Vigilia-de-oracin-en-las-parroquias-de-l_8FD8\/JOSE-LUIS-RETANA-11_thumb.jpg\" width=\"164\" height=\"244\"><\/a><\/p>\n<p>El jueves 22 de junio todas las parroquias de la Di\u00f3cesis celebrar\u00e1n una Vigilia de Oraci\u00f3n por nuestro obispo electo Don Jos\u00e9 Luis Retana Gozalo. \u00a1Participa!<\/p>\n<p><!--more--><\/p>\n<p>JUEVES EUCAR\u00cdSTICO  <\/p>\n<p align=\"center\">Oraci\u00f3n ante el Sant\u00edsimo Sacramento  <\/p>\n<p align=\"center\">por  <\/p>\n<p align=\"center\">Don Jos\u00e9 Luis Retana Gozalo  <\/p>\n<p align=\"center\">nuestro nuevo Obispo  <\/p>\n<p><b>Monici\u00f3n de entrada<\/b>  <\/p>\n<p><b><\/b> <\/p>\n<p>En este jueves previo a la ordenaci\u00f3n episcopal de Don Jos\u00e9 Luis, nuestro obispo, nos reunimos para rezar por \u00e9l en este inicio de su ministerio como obispo de Plasencia.  <\/p>\n<p>En el obispo, ayudado por los presb\u00edteros, est\u00e1 el mismo Cristo que se hace presente y que contin\u00faa cuidando de su Iglesia, asegur\u00e1ndoles su protecci\u00f3n y su gu\u00eda.  <\/p>\n<p>De hecho, como Jes\u00fas eligi\u00f3 a los Ap\u00f3stoles y los ha enviado a anunciar el Evangelio, as\u00ed los obispos, sus sucesores, se colocan a la cabeza de las comunidades cristianas, como garantes de la fe y como signo vivo de la presencia del Se\u00f1or en medio de ellos.  <\/p>\n<p>Oremos ante Jes\u00fas sacramentado para que conceda a nuestro obispo la abundancia de los dones de su Esp\u00edritu y sea siervo fiel en el desempe\u00f1o de su ministerio episcopal. Acreciente en \u00e9l su caridad sacerdotal para que sea buen pastor en el cuidado sol\u00edcito de su pueblo.  <\/p>\n<p><a href=\"https:\/\/www.google.es\/url?sa=i&amp;rct=j&amp;q=&amp;esrc=s&amp;source=images&amp;cd=&amp;cad=rja&amp;uact=8&amp;ved=0ahUKEwiOlZylod7TAhWDMhoKHd5MBu4QjRwIBw&amp;url=https%3A%2F%2Fliliesofgrace.tumblr.com%2Fpost%2F151477756767&amp;psig=AFQjCNFKKk28wedFiqzbPJ74nRfsHkH4zg&amp;ust=1494262128829347\"><img decoding=\"async\" title=\"clip_image002\" style=\"border-left-width: 0px; border-right-width: 0px; background-image: none; border-bottom-width: 0px; padding-top: 0px; padding-left: 0px; display: inline; padding-right: 0px; border-top-width: 0px\" border=\"0\" alt=\"clip_image002\" src=\"http:\/\/www.diocesisplasencia.org\/w\/wp-content\/uploads\/2015\/Vigilia-de-oracin-en-las-parroquias-de-l_8FD8\/clip_image002.jpg\" width=\"244\" height=\"183\"><\/a>  <\/p>\n<p><b><\/b> <\/p>\n<p><b><\/b> <\/p>\n<p><b>Exposici\u00f3n del Sant\u00edsimo Sacramento <\/b> <\/p>\n<p><b><\/b> <\/p>\n<p><b>Canto: <\/b> <\/p>\n<p><b><\/b> <\/p>\n<p><b>Alabanzas a Jes\u00fas sacramentado<\/b>  <\/p>\n<p><b><\/b> <\/p>\n<p>Se\u00f1or Jes\u00fas:  <\/p>\n<p>Nos presentamos ante ti sabiendo que nos llamas y que nos amas tal como somos.  <\/p>\n<p>\u00abT\u00fa tienes palabras de vida eterna y nosotros hemos cre\u00eddo y conocido que t\u00fa eres el Hijo de Dios\u00bb (Jn. 6,69).  <\/p>\n<p><b><\/b> <\/p>\n<p>Por eso te decimos:  <\/p>\n<p>Creemos, Se\u00f1or Jes\u00fas, que en la noche del Jueves Santo instituiste el sacramento de la Eucarist\u00eda convirtiendo el pan en tu Cuerpo y el vino en tu Sangre y confiaste a la Iglesia la renovaci\u00f3n de este Sacrificio para el perd\u00f3n de los pecados.  <\/p>\n<p>*Se\u00e1is por siempre bendito y alabado (Candado)<\/p>\n<p>Creemos, Se\u00f1or Jes\u00fas, que est\u00e1s presente en cuerpo, sangre, alma y divinidad en el Sacramento de la Eucarist\u00eda.  <\/p>\n<p>Creemos, Se\u00f1or Jes\u00fas, que te das a nosotros como alimento para la vida eterna en la Sagrada Eucarist\u00eda.  <\/p>\n<p>*Se\u00e1is por siempre bendito y alabado (Candado)  <\/p>\n<p>Creemos, Se\u00f1or Jes\u00fas, que vives y nos escuchas, que est\u00e1s y que nos esperas en cada Sagrario.  <\/p>\n<p>Creemos, Se\u00f1or Jes\u00fas, que a pesar de que nuestros ojos no te ven y que somos indignos de este don, t\u00fa est\u00e1s presente en medio de nosotros.  <\/p>\n<p>*Se\u00e1is por siempre bendito y alabado (Candado)  <\/p>\n<p><b>Oremos <\/b> <\/p>\n<p>Padre bueno que conduces a tu pueblo con la suavidad y la fuerza de tu amor, concede a nuestro obispo Jos\u00e9 Luis, que como Jes\u00fas, anuncie el reino de justicia y de paz al pueblo que peregrina en esta di\u00f3cesis de Plasencia.  <\/p>\n<p>Que sea un obispo que lleve<br \/>la Buena Nueva a los pobres,<br \/>los enfermos, los peque\u00f1os y sencillos,  <\/p>\n<p>para que encuentren en \u00e8l,  <\/p>\n<p>un pastor que los conduzca a las fuentes de la gracia,<br \/>de la verdad y de la vida.  <\/p>\n<p>Por Jesucristo nuestro Se\u00f1or.  <\/p>\n<p>Am\u00e9n  <\/p>\n<p><b><\/b> <\/p>\n<p><b><\/b> <\/p>\n<p><b>Del evangelio seg\u00fan san Juan (10,11-18):<\/b>  <\/p>\n<p>En aquel tiempo dijo Jes\u00fas: \u00abYo soy el buen Pastor. El buen pastor da la vida por las ovejas; el asalariado, que no es pastor ni due\u00f1o de las ovejas, ve venir al lobo, abandona las ovejas y huye; y el lobo hace estragos y las dispersa; y es que a un asalariado no le importan las ovejas. Yo soy el buen Pastor, que conozco a las m\u00edas y las m\u00edas me conocen, igual que el Padre me conoce y yo conozco al Padre; yo doy mi vida por las ovejas. Tengo, adem\u00e1s, otras ovejas que no son de este redil; tambi\u00e9n a \u00e9sas las tengo que traer, y escuchar\u00e1n mi voz, y habr\u00e1 un solo reba\u00f1o, un solo Pastor. Por esto me ama el Padre, porque yo entrego mi vida para poder recuperarla. Nadie me la quita, sino que yo la entrego libremente. Tengo poder para entregarla y tengo poder para recuperarla: este mandato he recibido de mi Padre.\u00bb  <\/p>\n<p>Palabra del Se\u00f1or  <\/p>\n<p><i><\/i> <\/p>\n<p><i>Momento de meditaci\u00f3n <\/i> <\/p>\n<p><i><\/i> <\/p>\n<p>Respondemos a la Palabra de Dios recitando el salmo  <\/p>\n<p><b>El Se\u00f1or es mi pastor, nada me falta<\/b>  <\/p>\n<p><b><\/b> <\/p>\n<p>El Se\u00f1or es mi pastor, nada me falta en verdes praderas me hace recostar; me conduce hacia fuentes tranquilas y repara mis fuerzas. R.  <\/p>\n<p><b>El Se\u00f1or es mi pastor, nada me falta: <\/b> <\/p>\n<p>Me gu\u00eda por el sendero justo, por el honor de su nombre. Aunque camine por ca\u00f1adas oscuras, nada temo, porque t\u00fa vas conmigo: tu vara y tu cayado me sosiegan. R.  <\/p>\n<p><b>El Se\u00f1or es mi pastor, nada me falta: <\/b> <\/p>\n<p>Preparas una mesa ante m\u00ed, enfrente de mis enemigos; me unges la cabeza con perfume, y mi copa rebosa. R.  <\/p>\n<p><b>El Se\u00f1or es mi pastor, nada me falta: <\/b> <\/p>\n<p>Tu bondad y tu misericordia me acompa\u00f1an todos los d\u00edas de mi vida, y habitar\u00e9 en la casa del Se\u00f1or por a\u00f1os sin t\u00e9rmino. R  <\/p>\n<p><b>El Se\u00f1or es mi pastor, nada me falta: <\/b> <\/p>\n<p><b><\/b> <\/p>\n<p><b><i>Momento de meditaci\u00f3n<\/i><\/b>  <\/p>\n<p><b><i><\/i><\/b> <\/p>\n<p><b><i><\/i><\/b> <\/p>\n<p><b>Lector<\/b>  <\/p>\n<p>Jesucristo, Se\u00f1or nuestro, enviado por el Padre para redimir al g\u00e9nero humano, envi\u00f3, a su vez, a los doce ap\u00f3stoles por el mundo, para que, llenos de la fuerza del Esp\u00edritu Santo, anunciaran el Evangelio, gobernaran y santificaran a todos los pueblos, agrup\u00e1ndoles en un solo reba\u00f1o.  <\/p>\n<p>Para que este servicio continuara hasta el final de los tiempos, los ap\u00f3stoles eligieron colaboradores, a quienes, por la imposici\u00f3n de las manos, les comunicaron el don del Esp\u00edritu Santo que hab\u00edan recibido de Cristo, confiri\u00e9ndoles la plenitud del sacramento del Orden. De esta manera, se ha ido transmitiendo a trav\u00e9s de los siglos este ministerio, por la sucesi\u00f3n continua de los Obispos y permanece y se acrecienta hasta nuestros d\u00edas la obra del Salvador.  <\/p>\n<p>En la persona del obispo, rodeado de sus presb\u00edteros, est\u00e1 presente el mismo Jesucristo, Se\u00f1or y pont\u00edfice eterno. \u00c9l es quien, por medio del obispo, contin\u00faa anunciando el Evangelio y ofreciendo a los creyentes los <a href=\"http:\/\/www.aciprensa.com\/sacramentos\/index.html\">sacramentos<\/a> de la fe.&nbsp; \u00c9l es quien por medio del ministerio paternal del Obispo, agrega nuevos miembros a la Iglesia, su cuerpo. \u00c9l es quien, vali\u00e9ndose de la predicaci\u00f3n y la solicitud pastoral del Obispo, nos lleva, a trav\u00e9s del peregrinar terreno, a la felicidad eterna.  <\/p>\n<p>El obispo ha sido escogido entre los hombres y puesto al servicio de ellos en las cosas de Dios. El episcopado es un servicio, no un honor; por ello el Obispo debe ante todo vivir para los fieles y no solamente presidirlos. El primero, seg\u00fan el mandato del Se\u00f1or, debe ser como el menor, y el que gobierna, como el que sirve.  <\/p>\n<p>El obispo cuida y dirige la Iglesia que se le conf\u00eda y es fiel dispensador de los misterios de Cristo. Ama con amor de padre y hermano a cuantos Dios pone bajo su cuidado, especialmente a los sacerdotes, colaboradores suyos en el ministerio sagrado, a los pobres, a los d\u00e9biles, a los que no tienen hogar y a los inmigrantes.  <\/p>\n<p><i>(Pontificar Romano)<\/i>  <\/p>\n<p><i>Momento de silencio<\/i>  <\/p>\n<p><b>Canto:<\/b>  <\/p>\n<p><b>Lector<\/b>  <\/p>\n<p>Seg\u00fan la tradici\u00f3n apost\u00f3lica, la ordenaci\u00f3n episcopal se confiere mediante la imposici\u00f3n de las manos y la oraci\u00f3n. La imposici\u00f3n de las manos se lleva a cabo en silencio. La palabra humana enmudece. El alma se abre en silencio a Dios, cuya mano se alarga hacia el hombre, lo toma para s\u00ed y, al mismo tiempo, lo cubre para protegerlo, para que seguidamente sea totalmente propiedad de Dios. Pero, como segundo elemento fundamental del acto de consagraci\u00f3n, sigue despu\u00e9s la oraci\u00f3n. La ordenaci\u00f3n episcopal es un acontecimiento de oraci\u00f3n. Ning\u00fan hombre puede hacer a otro sacerdote u obispo. Es el Se\u00f1or mismo quien, a trav\u00e9s de la palabra de la oraci\u00f3n y del gesto de la imposici\u00f3n de las manos, asume a ese hombre totalmente a su servicio, lo atrae en su mismo Sacerdocio. \u00c9l mismo consagra a los elegidos. \u00c9l mismo, el \u00fanico Sumo Sacerdote, que ha ofrecido el \u00fanico sacrificio por todos nosotros, le concede la participaci\u00f3n en su Sacerdocio, para que su Palabra y su obra est\u00e9n presentes en todos los tiempos.  <\/p>\n<p>Por este lazo entre la oraci\u00f3n y el actuar de Cristo sobre el hombre, la Iglesia en su Liturgia ha desarrollado un signo elocuente. Durante la oraci\u00f3n de Ordenaci\u00f3n se abren sobre el candidato los Evangelios, el Libro de la Palabra de Dios. El Evangelio debe penetrar en \u00e9l, la Palabra viviente de Dios debe, por as\u00ed decir, impregnarle. El Evangelio, en el fondo, no es s\u00f3lo palabra, Cristo mismo es el Evangelio. Con la Palabra, la misma vida de Cristo debe impregnar a ese hombre, para que llegue a ser enteramente una sola cosa con \u00c9l, que Cristo viva en \u00e9l y de forma y contenido a su vida. El consagrado debe ser colmado del Esp\u00edritu de Dios y vivir a partir de \u00c9l. Debe llevar a los pobres el alegre anuncio, la libertad verdadera y la esperanza que hace vivir al hombre y le cura. Debe establecer el Sacerdocio de Cristo en medio de los hombres, el Sacerdocio al modo de Melquisedec, es decir, el reino de la justicia y de la paz. Como los 72 ap\u00f3stoles enviados por el Se\u00f1or, debe ser uno que trae la curaci\u00f3n, que ayuda a curar la herida interior del hombre, su lejan\u00eda de Dios. El primer y esencial bien que el hombre necesita es la cercan\u00eda de Dios mismo. El reino de Dio no es algo \u201cjunto\u201d a Dios, una especie de condici\u00f3n del mundo: es sencillamente la presencia de Dios mismo, que es la fuerza que verdaderamente sana.  <\/p>\n<p>(Benedicto XVI)  <\/p>\n<p><i>Momento de silencio<\/i>  <\/p>\n<p><b>Canto:<\/b>  <\/p>\n<p><b><\/b> <\/p>\n<p><b><\/b> <\/p>\n<p><b>Preces <\/b> <\/p>\n<p><em><b>Oremos a Dios Padre por todos los hombres y en este d\u00eda supliqu\u00e9mosle especialmente por nuestro obispo Jos\u00e9 Luis, que el s\u00e1bado ser\u00e1 llamado al orden episcopal, para que el Se\u00f1or conserve en \u00e9l sus dones y \u00e9stos fructifiquen en el bien de <\/b><\/em><em><b>nuestra Iglesia de Plasencia<\/b><\/em><b><i><\/i><\/b>  <\/p>\n<p>\u00b7 Para que la fuerza del Esp\u00edritu Santo que Jesucristo comunic\u00f3 a los santos ap\u00f3stoles y, por ellos a sus sucesores, fortalezca a nuestro obispo a fin de que ejerza sin reproche su ministerio y apaciente con santidad a la Iglesia que le ha sido encomendada. Roguemos al Se\u00f1or.  <\/p>\n<p>\u00b7 Para que predique con fe y constancia el Evangelio de Jesucristo y guarde, \u00edntegro y puro, el dep\u00f3sito de la fe, de acuerdo con la tradici\u00f3n recibida de los ap\u00f3stoles. Roguemos al Se\u00f1or.  <\/p>\n<p>\u00b7 Para que, como un buen padre, vele por el pueblo santo de Dios, y ayudado por sus presb\u00edteros y di\u00e1conos, lo gu\u00ede por el camino de la salvaci\u00f3n y sea siempre comprensivo y misericordioso con los pobres, los inmigrantes y todos los necesitados. Roguemos al Se\u00f1or.  <\/p>\n<p>\u00b7 Para que nuestra Iglesia diocesana de Plasencia, bajo la gu\u00eda de su obispo, crezca sin parar y vaya acogiendo en su seno a los hijos dispersos que viven en nuestras ciudades y pueblos. Roguemos al Se\u00f1or.  <\/p>\n<p><em><b>Se\u00f1or Dios Todopoderoso, que, por medio de tu Hijo Jesucristo, elegiste a los ap\u00f3stoles para que cuidasen de la Iglesia, y quisiste que su ministerio se perpetuase a trav\u00e9s de los obispos, escucha nuestra oraci\u00f3n y concede a nuestro pastor Jos\u00e9 Luis ser un verdadero imitador de tu Hijo. Por Jesucristo Nuestro Se\u00f1or.<\/b><\/em>  <\/p>\n<p><b><\/b> <\/p>\n<p>Reserva del Sant\u00edsimo Sacramento  <\/p>\n<p><b>Canto:<\/b>  <\/p>\n<p>Tantum ergo sacram\u00e9ntum  <\/p>\n<p>vener\u00e9mur cernui,  <\/p>\n<p>et ant\u00edquum docum\u00e9ntum  <\/p>\n<p>novo cedat r\u00edtui;  <\/p>\n<p>praestet fides suplem\u00e9ntum  <\/p>\n<p>sensuum def\u00e9ctui.  <\/p>\n<p>Genit\u00f3ri Genit\u00f3que  <\/p>\n<p>laus et iubil\u00e1tio,  <\/p>\n<p>salus, honor, virtus quoque  <\/p>\n<p>sit et benedictio;  <\/p>\n<p>proced\u00e9nti ab utr\u00f3que  <\/p>\n<p>comparsit laud\u00e1tio. Amen.  <\/p>\n<p><b>V<\/b><b>. <\/b>Les diste pan del cielo. (T.P. Aleluya).  <\/p>\n<p>R. Que contiene en s\u00ed todo deleite. (T.P. Aleluya).  <\/p>\n<p>Oremos.  <\/p>\n<p>Oh Dios, que en este sacramento admirable  <\/p>\n<p>nos dejaste el memorial de t\u00fa Pasi\u00f3n,  <\/p>\n<p>te pedimos nos concedas venerar de tal modo  <\/p>\n<p>los sagrados misterios de tu Cuerpo y de tu Sangre,  <\/p>\n<p>que experimentemos constantemente en nosotros  <\/p>\n<p>el fruto de tu redenci\u00f3n.  <\/p>\n<p>T\u00fa que vives y reinas por los siglos de los siglos.  <\/p>\n<p>R. Amen.  <\/p>\n<p><b>Bendici\u00f3n Eucar\u00edstica<\/b>  <\/p>\n<p><b>Alabanzas de desagravio<\/b>  <\/p>\n<p><b><\/b> <\/p>\n<p>Bendito sea Dios.  <\/p>\n<p>Bendito sea su santo Nombre.  <\/p>\n<p>Bendito sea Jesucristo, Dios y Hombre verdadero.  <\/p>\n<p>Bendito sea el Nombre de Jes\u00fas.  <\/p>\n<p>Bendito sea su Sacrat\u00edsimo Coraz\u00f3n.  <\/p>\n<p>Bendita sea su Precios\u00edsima Sangre.  <\/p>\n<p>Bendito sea Jes\u00fas en el Sant\u00edsimo Sacramento del Altar.  <\/p>\n<p>Bendito sea el Esp\u00edritu Santo Par\u00e1clito.  <\/p>\n<p>Bendita sea la excelsa Madre de Dios, Mar\u00eda Sant\u00edsima.  <\/p>\n<p>Bendita sea su Santa e Inmaculada Concepci\u00f3n.  <\/p>\n<p>Bendita sea su gloriosa Asunci\u00f3n.  <\/p>\n<p>Bendito sea el nombre de Mar\u00eda Virgen y Madre.  <\/p>\n<p>Bendito sea San Jos\u00e9, su cast\u00edsimo esposo.  <\/p>\n<p>Bendito sea Dios en sus \u00c1ngeles y en sus Santos.  <\/p>\n<p><b>Canto a la Virgen<\/b><\/p>\n","protected":false},"excerpt":{"rendered":"<p>El jueves 22 de junio todas las parroquias de la Di\u00f3cesis celebrar\u00e1n una Vigilia de Oraci\u00f3n por nuestro obispo electo Don Jos\u00e9 Luis Retana Gozalo. \u00a1Participa!<\/p>\n","protected":false},"author":1,"featured_media":0,"comment_status":"closed","ping_status":"closed","sticky":false,"template":"","format":"standard","meta":{"footnotes":""},"categories":[28],"tags":[],"_links":{"self":[{"href":"https:\/\/diocesisplasencia.org\/hemeroteca\/wp-json\/wp\/v2\/posts\/4354"}],"collection":[{"href":"https:\/\/diocesisplasencia.org\/hemeroteca\/wp-json\/wp\/v2\/posts"}],"about":[{"href":"https:\/\/diocesisplasencia.org\/hemeroteca\/wp-json\/wp\/v2\/types\/post"}],"author":[{"embeddable":true,"href":"https:\/\/diocesisplasencia.org\/hemeroteca\/wp-json\/wp\/v2\/users\/1"}],"replies":[{"embeddable":true,"href":"https:\/\/diocesisplasencia.org\/hemeroteca\/wp-json\/wp\/v2\/comments?post=4354"}],"version-history":[{"count":0,"href":"https:\/\/diocesisplasencia.org\/hemeroteca\/wp-json\/wp\/v2\/posts\/4354\/revisions"}],"wp:attachment":[{"href":"https:\/\/diocesisplasencia.org\/hemeroteca\/wp-json\/wp\/v2\/media?parent=4354"}],"wp:term":[{"taxonomy":"category","embeddable":true,"href":"https:\/\/diocesisplasencia.org\/hemeroteca\/wp-json\/wp\/v2\/categories?post=4354"},{"taxonomy":"post_tag","embeddable":true,"href":"https:\/\/diocesisplasencia.org\/hemeroteca\/wp-json\/wp\/v2\/tags?post=4354"}],"curies":[{"name":"wp","href":"https:\/\/api.w.org\/{rel}","templated":true}]}}