{"id":4331,"date":"2017-05-29T11:17:26","date_gmt":"2017-05-29T09:17:26","guid":{"rendered":"http:\/\/www.diocesisplasencia.org\/w\/?p=4331"},"modified":"2017-05-29T11:17:26","modified_gmt":"2017-05-29T09:17:26","slug":"lo-ms-ledo-en-nuestra-web-3","status":"publish","type":"post","link":"https:\/\/diocesisplasencia.org\/hemeroteca\/lo-ms-ledo-en-nuestra-web-3\/","title":{"rendered":"Lo m\u00e1s le\u00eddo en nuestra web"},"content":{"rendered":"<p><a href=\"http:\/\/www.diocesisplasencia.org\/w\/wp-content\/uploads\/2015\/Lo-ms-ledo-en-nuestra-web_9DD5\/foto-4-pg-2.jpg\"><img decoding=\"async\" title=\"foto 4 p&aacute;g 2\" style=\"border-left-width: 0px; border-right-width: 0px; background-image: none; border-bottom-width: 0px; padding-top: 0px; padding-left: 0px; display: inline; padding-right: 0px; border-top-width: 0px\" border=\"0\" alt=\"foto 4 p&aacute;g 2\" src=\"http:\/\/www.diocesisplasencia.org\/w\/wp-content\/uploads\/2015\/Lo-ms-ledo-en-nuestra-web_9DD5\/foto-4-pg-2_thumb.jpg\" width=\"244\" height=\"184\"><\/a><\/p>\n<p>La noticia en la que hablamos sobre el acto oficial de recibimiento al nuevo obispo de la Di\u00f3cesis, ha sido lo m\u00e1s le\u00eddo en nuestra web, la semana del 22 al 28 de mayo, con m\u00e1s de 500 visitas.<\/p>\n<p><!--more--><\/p>\n<p>Gracias por vuestra fidelidad.<\/p>\n<p><a href=\"http:\/\/www.diocesisplasencia.org\/w\/?p=4326\" target=\"_blank\" rel=\"noopener noreferrer\">El acto oficial de recibimiento al nuevo obispo ser\u00e1 en Puente del Congosto<\/a><\/p>\n","protected":false},"excerpt":{"rendered":"<p>La noticia en la que hablamos sobre el acto oficial de recibimiento al nuevo obispo de la Di\u00f3cesis, ha sido lo m\u00e1s le\u00eddo en nuestra web, la semana del 22 al 28 de mayo, con m\u00e1s de 500 visitas.<\/p>\n","protected":false},"author":1,"featured_media":0,"comment_status":"closed","ping_status":"closed","sticky":false,"template":"","format":"standard","meta":{"footnotes":""},"categories":[28],"tags":[],"_links":{"self":[{"href":"https:\/\/diocesisplasencia.org\/hemeroteca\/wp-json\/wp\/v2\/posts\/4331"}],"collection":[{"href":"https:\/\/diocesisplasencia.org\/hemeroteca\/wp-json\/wp\/v2\/posts"}],"about":[{"href":"https:\/\/diocesisplasencia.org\/hemeroteca\/wp-json\/wp\/v2\/types\/post"}],"author":[{"embeddable":true,"href":"https:\/\/diocesisplasencia.org\/hemeroteca\/wp-json\/wp\/v2\/users\/1"}],"replies":[{"embeddable":true,"href":"https:\/\/diocesisplasencia.org\/hemeroteca\/wp-json\/wp\/v2\/comments?post=4331"}],"version-history":[{"count":0,"href":"https:\/\/diocesisplasencia.org\/hemeroteca\/wp-json\/wp\/v2\/posts\/4331\/revisions"}],"wp:attachment":[{"href":"https:\/\/diocesisplasencia.org\/hemeroteca\/wp-json\/wp\/v2\/media?parent=4331"}],"wp:term":[{"taxonomy":"category","embeddable":true,"href":"https:\/\/diocesisplasencia.org\/hemeroteca\/wp-json\/wp\/v2\/categories?post=4331"},{"taxonomy":"post_tag","embeddable":true,"href":"https:\/\/diocesisplasencia.org\/hemeroteca\/wp-json\/wp\/v2\/tags?post=4331"}],"curies":[{"name":"wp","href":"https:\/\/api.w.org\/{rel}","templated":true}]}}