{"id":4324,"date":"2017-05-25T10:49:00","date_gmt":"2017-05-25T08:49:00","guid":{"rendered":"http:\/\/www.diocesisplasencia.org\/w\/?p=4324"},"modified":"2017-05-25T10:49:00","modified_gmt":"2017-05-25T08:49:00","slug":"la-dicesis-estrena-su-portal-de-transparencia","status":"publish","type":"post","link":"https:\/\/diocesisplasencia.org\/hemeroteca\/la-dicesis-estrena-su-portal-de-transparencia\/","title":{"rendered":"La di\u00f3cesis estrena su portal de transparencia"},"content":{"rendered":"<p><a href=\"http:\/\/www.elperiodicoextremadura.com\/noticias\/plasencia\/diocesis-estrena-portal-transparencia_1018506.html\" target=\"_blank\" rel=\"noopener noreferrer\">EL PERI\u00d3DICO EXTREMADURA 25\/05\/17<\/a><\/p>\n<p>La di\u00f3cesis de Plasencia cuenta desde ayer con su portal de transparencia, al que se puede acceder a trav\u00e9s del enlace www.transparenciadiocesisplasencia.org y que ofrece informaci\u00f3n sobre su historia, el organigrama y sus cuentas de manera detallada. <\/p>\n<p>La Conferencia Episcopal Espa\u00f1ola opt\u00f3 por acogerse a la ley de transparencia y, adem\u00e1s, por responder al compromiso adquirido en un convenio firmado con Transparencia Universal en mayo del 2016. \u00abNo es s\u00f3lo la ley de transparencia la que en determinados casos obliga, sino fundamentalmente la demanda creciente de una ciudadan\u00eda madura y exigente que quiere saber a qu\u00e9 se destinan las ayudas p\u00fablicas a instituciones y los donativos que reciben estas\u00bb, explic\u00f3 ayer Antonio Luis Gal\u00e1n, Vicario Ec\u00f3nomo de la Di\u00f3cesis, como recoge la web diocesana.<\/p>\n","protected":false},"excerpt":{"rendered":"<p>EL PERI\u00d3DICO EXTREMADURA 25\/05\/17 La di\u00f3cesis de Plasencia cuenta desde ayer con su portal de transparencia, al que se puede acceder a trav\u00e9s del enlace www.transparenciadiocesisplasencia.org y que ofrece informaci\u00f3n sobre su historia, el organigrama y sus cuentas de manera detallada. La Conferencia Episcopal Espa\u00f1ola&#8230;<\/p>\n","protected":false},"author":1,"featured_media":0,"comment_status":"closed","ping_status":"closed","sticky":false,"template":"","format":"standard","meta":{"footnotes":""},"categories":[40],"tags":[],"_links":{"self":[{"href":"https:\/\/diocesisplasencia.org\/hemeroteca\/wp-json\/wp\/v2\/posts\/4324"}],"collection":[{"href":"https:\/\/diocesisplasencia.org\/hemeroteca\/wp-json\/wp\/v2\/posts"}],"about":[{"href":"https:\/\/diocesisplasencia.org\/hemeroteca\/wp-json\/wp\/v2\/types\/post"}],"author":[{"embeddable":true,"href":"https:\/\/diocesisplasencia.org\/hemeroteca\/wp-json\/wp\/v2\/users\/1"}],"replies":[{"embeddable":true,"href":"https:\/\/diocesisplasencia.org\/hemeroteca\/wp-json\/wp\/v2\/comments?post=4324"}],"version-history":[{"count":0,"href":"https:\/\/diocesisplasencia.org\/hemeroteca\/wp-json\/wp\/v2\/posts\/4324\/revisions"}],"wp:attachment":[{"href":"https:\/\/diocesisplasencia.org\/hemeroteca\/wp-json\/wp\/v2\/media?parent=4324"}],"wp:term":[{"taxonomy":"category","embeddable":true,"href":"https:\/\/diocesisplasencia.org\/hemeroteca\/wp-json\/wp\/v2\/categories?post=4324"},{"taxonomy":"post_tag","embeddable":true,"href":"https:\/\/diocesisplasencia.org\/hemeroteca\/wp-json\/wp\/v2\/tags?post=4324"}],"curies":[{"name":"wp","href":"https:\/\/api.w.org\/{rel}","templated":true}]}}