{"id":4263,"date":"2017-05-02T09:54:31","date_gmt":"2017-05-02T08:54:31","guid":{"rendered":"http:\/\/www.diocesisplasencia.org\/w\/?p=4263"},"modified":"2017-05-02T09:54:31","modified_gmt":"2017-05-02T08:54:31","slug":"lo-ms-ledo-en-nuestra-web-2","status":"publish","type":"post","link":"https:\/\/diocesisplasencia.org\/hemeroteca\/lo-ms-ledo-en-nuestra-web-2\/","title":{"rendered":"Lo m\u00e1s le\u00eddo en nuestra web"},"content":{"rendered":"<p>&nbsp;<\/p>\n<p><a href=\"http:\/\/www.diocesisplasencia.org\/w\/wp-content\/uploads\/2015\/Lo-ms-ledo-en-nuestra-web_991B\/IMG-20170426-WA0007.jpg\"><img decoding=\"async\" title=\"IMG-20170426-WA0007\" style=\"border-left-width: 0px; border-right-width: 0px; background-image: none; border-bottom-width: 0px; padding-top: 0px; padding-left: 0px; display: inline; padding-right: 0px; border-top-width: 0px\" border=\"0\" alt=\"IMG-20170426-WA0007\" src=\"http:\/\/www.diocesisplasencia.org\/w\/wp-content\/uploads\/2015\/Lo-ms-ledo-en-nuestra-web_991B\/IMG-20170426-WA0007_thumb.jpg\" width=\"244\" height=\"201\"><\/a><\/p>\n<p>La semana del 24 al 30 de abril la noticia m\u00e1s le\u00edda en nuestra web ha sido la que anunciaba el Encuentro Diocesano de J\u00f3venes Cofrades. <\/p>\n<p><!--more--><\/p>\n<p>Puedes volverla a ver pinchando en el enlace. Gracias por vuestra fidelidad.<\/p>\n<p><a href=\"http:\/\/www.diocesisplasencia.org\/w\/?p=4240\" target=\"_blank\" rel=\"noopener noreferrer\">Encuentro de J\u00f3venes Cofrades<\/a><\/p>\n","protected":false},"excerpt":{"rendered":"<p>&nbsp; La semana del 24 al 30 de abril la noticia m\u00e1s le\u00edda en nuestra web ha sido la que anunciaba el Encuentro Diocesano de J\u00f3venes Cofrades.<\/p>\n","protected":false},"author":1,"featured_media":0,"comment_status":"closed","ping_status":"closed","sticky":false,"template":"","format":"standard","meta":{"footnotes":""},"categories":[28],"tags":[],"_links":{"self":[{"href":"https:\/\/diocesisplasencia.org\/hemeroteca\/wp-json\/wp\/v2\/posts\/4263"}],"collection":[{"href":"https:\/\/diocesisplasencia.org\/hemeroteca\/wp-json\/wp\/v2\/posts"}],"about":[{"href":"https:\/\/diocesisplasencia.org\/hemeroteca\/wp-json\/wp\/v2\/types\/post"}],"author":[{"embeddable":true,"href":"https:\/\/diocesisplasencia.org\/hemeroteca\/wp-json\/wp\/v2\/users\/1"}],"replies":[{"embeddable":true,"href":"https:\/\/diocesisplasencia.org\/hemeroteca\/wp-json\/wp\/v2\/comments?post=4263"}],"version-history":[{"count":0,"href":"https:\/\/diocesisplasencia.org\/hemeroteca\/wp-json\/wp\/v2\/posts\/4263\/revisions"}],"wp:attachment":[{"href":"https:\/\/diocesisplasencia.org\/hemeroteca\/wp-json\/wp\/v2\/media?parent=4263"}],"wp:term":[{"taxonomy":"category","embeddable":true,"href":"https:\/\/diocesisplasencia.org\/hemeroteca\/wp-json\/wp\/v2\/categories?post=4263"},{"taxonomy":"post_tag","embeddable":true,"href":"https:\/\/diocesisplasencia.org\/hemeroteca\/wp-json\/wp\/v2\/tags?post=4263"}],"curies":[{"name":"wp","href":"https:\/\/api.w.org\/{rel}","templated":true}]}}