{"id":4240,"date":"2017-04-26T11:16:16","date_gmt":"2017-04-26T10:16:16","guid":{"rendered":"http:\/\/www.diocesisplasencia.org\/w\/?p=4240"},"modified":"2017-04-26T11:16:16","modified_gmt":"2017-04-26T10:16:16","slug":"encuentro-de-jvenes-cofrades-en-el-seminario","status":"publish","type":"post","link":"https:\/\/diocesisplasencia.org\/hemeroteca\/encuentro-de-jvenes-cofrades-en-el-seminario\/","title":{"rendered":"Encuentro de j\u00f3venes cofrades en el Seminario"},"content":{"rendered":"<p><a href=\"http:\/\/www.diocesisplasencia.org\/w\/wp-content\/uploads\/2015\/4baef7256df3_AB3B\/IMG-20170426-WA0007.jpg\"><img decoding=\"async\" title=\"IMG-20170426-WA0007\" style=\"border-left-width: 0px; border-right-width: 0px; background-image: none; border-bottom-width: 0px; padding-top: 0px; padding-left: 0px; display: inline; padding-right: 0px; border-top-width: 0px\" border=\"0\" alt=\"IMG-20170426-WA0007\" src=\"http:\/\/www.diocesisplasencia.org\/w\/wp-content\/uploads\/2015\/4baef7256df3_AB3B\/IMG-20170426-WA0007_thumb.jpg\" width=\"244\" height=\"202\"><\/a><\/p>\n<p>El Seminario Diocesano acoge este s\u00e1bado d\u00eda 29 de abril un Encuentro de J\u00f3venes Cofrades.<\/p>\n<p><!--more--><\/p>\n<p>A las diez y media de la ma\u00f1ana est\u00e1 prevista la acogida a todos los participantes. Despu\u00e9s se llevar\u00e1 a cabo una oraci\u00f3n y Don Roberto Hern\u00e1ndez, Rector del Seminario ofrecer\u00e1 una conferencia sobre \u201cEl papel de los j\u00f3venes en la Iglesia y en las Hermandades y Cofrad\u00edas\u201d.<\/p>\n<p>En torno a las doce j\u00f3venes cofrades de las diferentes hermandades y cofrad\u00edas de la Di\u00f3cesis ofrecer\u00e1n sus testimonios y posteriormente habr\u00e1 una proyecci\u00f3n de im\u00e1genes de las procesiones protagonizadas por ni\u00f1os y j\u00f3venes en los pueblos y ciudades de la Di\u00f3cesis.<\/p>\n<p>La jornada finalizar\u00e1 tras una convivencia despu\u00e9s de la comida.<\/p>\n","protected":false},"excerpt":{"rendered":"<p>El Seminario Diocesano acoge este s\u00e1bado d\u00eda 29 de abril un Encuentro de J\u00f3venes Cofrades.<\/p>\n","protected":false},"author":1,"featured_media":0,"comment_status":"closed","ping_status":"closed","sticky":false,"template":"","format":"standard","meta":{"footnotes":""},"categories":[28],"tags":[],"_links":{"self":[{"href":"https:\/\/diocesisplasencia.org\/hemeroteca\/wp-json\/wp\/v2\/posts\/4240"}],"collection":[{"href":"https:\/\/diocesisplasencia.org\/hemeroteca\/wp-json\/wp\/v2\/posts"}],"about":[{"href":"https:\/\/diocesisplasencia.org\/hemeroteca\/wp-json\/wp\/v2\/types\/post"}],"author":[{"embeddable":true,"href":"https:\/\/diocesisplasencia.org\/hemeroteca\/wp-json\/wp\/v2\/users\/1"}],"replies":[{"embeddable":true,"href":"https:\/\/diocesisplasencia.org\/hemeroteca\/wp-json\/wp\/v2\/comments?post=4240"}],"version-history":[{"count":0,"href":"https:\/\/diocesisplasencia.org\/hemeroteca\/wp-json\/wp\/v2\/posts\/4240\/revisions"}],"wp:attachment":[{"href":"https:\/\/diocesisplasencia.org\/hemeroteca\/wp-json\/wp\/v2\/media?parent=4240"}],"wp:term":[{"taxonomy":"category","embeddable":true,"href":"https:\/\/diocesisplasencia.org\/hemeroteca\/wp-json\/wp\/v2\/categories?post=4240"},{"taxonomy":"post_tag","embeddable":true,"href":"https:\/\/diocesisplasencia.org\/hemeroteca\/wp-json\/wp\/v2\/tags?post=4240"}],"curies":[{"name":"wp","href":"https:\/\/api.w.org\/{rel}","templated":true}]}}