{"id":4237,"date":"2017-04-24T10:01:29","date_gmt":"2017-04-24T09:01:29","guid":{"rendered":"http:\/\/www.diocesisplasencia.org\/w\/?p=4237"},"modified":"2017-04-24T10:01:29","modified_gmt":"2017-04-24T09:01:29","slug":"la-noticia-ms-leda-en-nuestra-web","status":"publish","type":"post","link":"https:\/\/diocesisplasencia.org\/hemeroteca\/la-noticia-ms-leda-en-nuestra-web\/","title":{"rendered":"La noticia m\u00e1s le\u00edda en nuestra web"},"content":{"rendered":"<h4><a href=\"http:\/\/www.diocesisplasencia.org\/w\/wp-content\/uploads\/2015\/La-noticia-ms-leda-en-nuestra-web_99FC\/IMG_5508.jpg\"><img decoding=\"async\" title=\"IMG_5508\" style=\"border-left-width: 0px; border-right-width: 0px; background-image: none; border-bottom-width: 0px; padding-top: 0px; padding-left: 0px; display: inline; padding-right: 0px; border-top-width: 0px\" border=\"0\" alt=\"IMG_5508\" src=\"http:\/\/www.diocesisplasencia.org\/w\/wp-content\/uploads\/2015\/La-noticia-ms-leda-en-nuestra-web_99FC\/IMG_5508_thumb.jpg\" width=\"244\" height=\"164\"><\/a><\/h4>\n<h4>En la semana del 17 al 23 de abril la noticia m\u00e1s le\u00edda en nuestra web ha sido la que informaba del acto de nombramiento de Hijo Adoptivo de Don Amadeo.<\/h4>\n<p><!--more--><\/p>\n<p>Puedes leerla en el siguiente enlace:<\/p>\n<p><a href=\"http:\/\/www.diocesisplasencia.org\/w\/?p=4220\" target=\"_blank\" rel=\"noopener noreferrer\">Don Amadeo ser\u00e1 nombrado hijo adoptivo de Plasencia el s\u00e1bado d\u00eda 22<\/a><\/p>\n","protected":false},"excerpt":{"rendered":"<p>En la semana del 17 al 23 de abril la noticia m\u00e1s le\u00edda en nuestra web ha sido la que informaba del acto de nombramiento de Hijo Adoptivo de Don Amadeo.<\/p>\n","protected":false},"author":1,"featured_media":0,"comment_status":"closed","ping_status":"closed","sticky":false,"template":"","format":"standard","meta":{"footnotes":""},"categories":[28],"tags":[],"_links":{"self":[{"href":"https:\/\/diocesisplasencia.org\/hemeroteca\/wp-json\/wp\/v2\/posts\/4237"}],"collection":[{"href":"https:\/\/diocesisplasencia.org\/hemeroteca\/wp-json\/wp\/v2\/posts"}],"about":[{"href":"https:\/\/diocesisplasencia.org\/hemeroteca\/wp-json\/wp\/v2\/types\/post"}],"author":[{"embeddable":true,"href":"https:\/\/diocesisplasencia.org\/hemeroteca\/wp-json\/wp\/v2\/users\/1"}],"replies":[{"embeddable":true,"href":"https:\/\/diocesisplasencia.org\/hemeroteca\/wp-json\/wp\/v2\/comments?post=4237"}],"version-history":[{"count":0,"href":"https:\/\/diocesisplasencia.org\/hemeroteca\/wp-json\/wp\/v2\/posts\/4237\/revisions"}],"wp:attachment":[{"href":"https:\/\/diocesisplasencia.org\/hemeroteca\/wp-json\/wp\/v2\/media?parent=4237"}],"wp:term":[{"taxonomy":"category","embeddable":true,"href":"https:\/\/diocesisplasencia.org\/hemeroteca\/wp-json\/wp\/v2\/categories?post=4237"},{"taxonomy":"post_tag","embeddable":true,"href":"https:\/\/diocesisplasencia.org\/hemeroteca\/wp-json\/wp\/v2\/tags?post=4237"}],"curies":[{"name":"wp","href":"https:\/\/api.w.org\/{rel}","templated":true}]}}