{"id":4235,"date":"2017-04-24T09:27:03","date_gmt":"2017-04-24T08:27:03","guid":{"rendered":"http:\/\/www.diocesisplasencia.org\/w\/?p=4235"},"modified":"2017-04-24T09:27:03","modified_gmt":"2017-04-24T08:27:03","slug":"don-amadeo-rodrguez-magro-nombrado-hijo-adoptivo-de-plasencia-2","status":"publish","type":"post","link":"https:\/\/diocesisplasencia.org\/hemeroteca\/don-amadeo-rodrguez-magro-nombrado-hijo-adoptivo-de-plasencia-2\/","title":{"rendered":"Don Amadeo Rodr\u00edguez Magro nombrado Hijo Adoptivo de Plasencia"},"content":{"rendered":"<p><a href=\"http:\/\/www.diocesisplasencia.org\/w\/wp-content\/uploads\/2015\/Don-Amadeo-Rodrguez-Magro-nombrado-Hijo-_8D47\/IMG_5451.jpg\"><img decoding=\"async\" title=\"IMG_5451\" style=\"border-left-width: 0px; border-right-width: 0px; background-image: none; border-bottom-width: 0px; padding-top: 0px; padding-left: 0px; display: inline; padding-right: 0px; border-top-width: 0px\" border=\"0\" alt=\"IMG_5451\" src=\"http:\/\/www.diocesisplasencia.org\/w\/wp-content\/uploads\/2015\/Don-Amadeo-Rodrguez-Magro-nombrado-Hijo-_8D47\/IMG_5451_thumb.jpg\" width=\"244\" height=\"145\"><\/a><\/p>\n<p>Con el Ave Mar\u00eda, interpretado por Pablo S\u00e1nchez Payo con el violonchelo y Jos\u00e9 Mar\u00eda Villegas al Piano, daba comienzo el s\u00e1bado 22 de abril, el solemne acto de nombramiento de <b>Don Amadeo Rodr\u00edguez Magro<\/b> como Hijo Adoptivo de Plasencia, en el Claustro del Centro Cultural Las Claras de la ciudad placentina.<\/p>\n<p><!--more-->All\u00ed<strong>&nbsp;<\/strong>se dio cita toda la sociedad civil, militar y eclesi\u00e1stica que quiso acompa\u00f1ar a su anterior Obispo, Don Amadeo, en la entrega de este reconocimiento, que por voluntad del alcalde, D. Fernando Pizarro, el apoyo popular y la aprobaci\u00f3n de la mayor\u00eda de la Corporaci\u00f3n municipal, le concedieron al Obispo Don Amadeo, el pasado 5 de septiembre.  <\/p>\n<p>Nuestro Administrador Diocesano, Vicarios y sacerdotes de toda la Di\u00f3cesis acompa\u00f1aron a Don Amadeo, adem\u00e1s de miembros de la curia&nbsp; y de diferentes movimientos y asociaciones diocesanas. Tambi\u00e9n estuvo arropado por sus hermanas, Estrella y Jacinta, sus sobrinos y su equipo m\u00e1s cercano del Obispado jiennense, representado por sus Vicarios Episcopales.  <\/p>\n<p>Tras la interpretaci\u00f3n del Ave Mar\u00eda, intervino la cronista de Plasencia, D\u00aa Esther S\u00e1nchez Calle quien pronunci\u00f3 un discurso, en el que por un lado hizo un recorrido por el episcopologio de la Di\u00f3cesis, destacando la vinculaci\u00f3n de la Iglesia con la vida de la ciudad, y por otro, S\u00e1nchez Calle tambi\u00e9n quiso resaltar la labor, no s\u00f3lo eclesi\u00e1stica, sino tambi\u00e9n humanista y cultural de Don Amadeo Rodr\u00edguez Magro al frente de la Di\u00f3cesis de Plasencia.  <\/p>\n<p>A continuaci\u00f3n, el Administrador diocesano de Plasencia, <b>D. Francisco Rico Bayo<\/b> y Vicario General en el episcopado de Don Amadeo, present\u00f3 ante los asistentes un perfil cercano y amable de quien dirigi\u00f3 la Di\u00f3cesis placentina durante los \u00faltimos trece a\u00f1os.  <\/p>\n<p>Por \u00faltimo el<b> Secretario General del Ayuntamiento<\/b> ley\u00f3 el acuerdo plenario, de fecha 5 de septiembre de 2016, por el cual Don Amadeo fue nombrado Hijo Adoptivo de Plasencia.  <\/p>\n<p>En citado acuerdo,<b> se expone<\/b>, entre otros t\u00e9rminos que:  <\/p>\n<p>\u00abVista la <b>intensa vinculaci\u00f3n con la Ciudad de Plasencia <\/b>durante sus a\u00f1os como Obispo de la Di\u00f3cesis de Plasencia (2003-2016) tanto en el aspecto Espiritual como en el desarrollo Cultual, Econ\u00f3mico y social, derivado de sus decisiones como Obispo\u00bb.  <\/p>\n<p>Adem\u00e1s destaca \u00abSu papel activo, <b>ha sido imprescindible<\/b> para avanzar en la aportaci\u00f3n de estudios universitarios en la ciudad. Gracias a su visi\u00f3n sobre las necesidades de la nueva iglesia, durante estos 13 a\u00f1os, se ha convertido en realidad mejoras continuas en el conjunto del patrimonio eclesi\u00e1stico de nuestra di\u00f3cesis, la rehabilitaci\u00f3n del seminario menor como residencia sacerdotal, la actualizaci\u00f3n o las continuas mejoras en la Catedral de Plasencia.  <\/p>\n<p>Don Amadeo <b>ha sido un gran gestor<\/b> que ha hecho posible afrontar cuestiones muy importantes para la vida cotidiana de esta di\u00f3cesis, su acci\u00f3n social aplicando de manera impecable la doctrina social de la Iglesia, ha hecho posible que la Instituci\u00f3n est\u00e9 junto con el m\u00e1s necesitado, en un momento y en una Di\u00f3cesis especialmente castigada por la crisis, su compromiso social ha hecho que la Iglesia llegue al coraz\u00f3n de quien m\u00e1s lo necesita\u00bb.  <\/p>\n<p>El Alcalde de la ciudad y su anterior Obispo se fund\u00edan en un abrazo mientras le hac\u00eda <b>entrega del t\u00edtulo<\/b> que lo convierte en Hijo Adoptivo de Plasencia.  <\/p>\n<p><b>Discurso<\/b>  <\/p>\n<p>Un emocionado <b>Don Amadeo tom\u00f3 la palabra<\/b> para agradecer a todos los presentes su asistencia a este solmene acto. Para a continuaci\u00f3n decir:  <\/p>\n<p><i>\u00abSiento que os debo ofrecer el rostro m\u00e1s com\u00fan, el que m\u00e1s se parezca a lo que sois cada uno de vosotros. S\u00e9, no obstante, que, para presentarme de ese modo, he de desprenderme de a\u00f1adiduras, de honores o t\u00edtulos; porque el mayor de todos ellos va a ser siempre, a partir de ahora, el tener como madre a esta querida ciudad. Desde hoy, cuando me pregunten de d\u00f3nde soy, adem\u00e1s de mencionar a mi Olivenza-San Jorge natal, a\u00f1adir\u00e9: y de Plasencia, que me ha adoptado como a uno m\u00e1s de sus hijos\u00bb. <\/i> <\/p>\n<p>En este sentido, el Obispo de Ja\u00e9n <b>ha expresado su cercan\u00eda, su sentimiento de placentino y lo bien acogido que fue<\/b> por toda la sociedad de esta Di\u00f3cesis durante sus a\u00f1os de Prelado en esta tierra:<i> \u00abSiempre me sent\u00ed un ser humano como cualquiera de vosotros, un cristiano con todos vosotros, un enviado del Se\u00f1or a todos vosotros, y procur\u00e9 ser consciente de que s\u00f3lo pod\u00eda cumplir con mi misi\u00f3n con fraternidad y servicio\u00bb.<\/i>  <\/p>\n<p>El reci\u00e9n nombrado Hijo Adoptivo de Plasencia hizo un recorrido por su infancia, por su juventud, un recuerdo por sus primeros destinos como sacerdote en su Badajoz natal, y de un modo muy especial <b>tuvo un recuerdo para todos los que lo hab\u00edan acompa\u00f1ado en el camino<\/b>. De una manera especial, a algunos maestros y a sus hermanas y familia como ejes de su vida junto, como no, a Jesucristo como gu\u00eda y faro de su vida.  <\/p>\n<p>En su emocionado discurso hizo un <b>breve repaso<\/b> por sus a\u00f1os como Pastor de la Iglesia de Plasencia. Agradecido a todos los que hab\u00edan trabajado con \u00e9l, y por la labor que durante esos a\u00f1os se llev\u00f3 a cabo en esta hermosa ciudad. Por lo que refiri\u00f3 <i>\u00abal llegar a Plasencia, me vi envuelto en proyectos, unos inacabados, otros ya incoados y otros pidiendo ser tenidos en cuenta en el futuro. A todos, poco a poco, o al menos a los m\u00e1s urgentes e importantes, les hemos ido dando su tiempo con ilusi\u00f3n y, espero que, a vuestro juicio, tambi\u00e9n con competencia\u00bb<\/i>.  <\/p>\n<p>Para concluir, y antes de agradecer a la Corporaci\u00f3n Municipal este gesto con su persona, quiso demostrar que se siente hijo de Plasencia,<i> t\u00edtulo que llevar\u00e1 con honor<\/i> y con mucho afecto: <i>\u00abprometo hoy solemnemente ante todos vosotros querer siempre a la ciudad de Plasencia, sin rebajar nunca el afecto que le tuve desde el primer d\u00eda que llegu\u00e9 como Obispo a esta hist\u00f3rica y amada sede placentina. Y quiero decirle a esta nueva madre que me acoge que siento un enorme orgullo de ser su hijo. Gracias Plasencia, porque un regalo como el que me haces, en esta hora ya tard\u00eda de mi vida, es para m\u00ed como un nuevo renacer en el afecto filial. Por eso te digo, buena madre, Plasencia querida, que siempre te llevar\u00e9 en mi coraz\u00f3n\u00bb.<\/i>  <\/p>\n<p>Tras un ovacionado aplauso, en el que se puso de manifiesto la estima de la que goza Don Amadeo entre los placentinos, quiso<b> el Alcalde <\/b>tomar la palabra ensalzando la figura de Don Amadeo compar\u00e1ndolo con los grandes conquistadores extreme\u00f1os: <i>\u00abVino a conquistar a los placentinos, no con ning\u00fan arma sino con su sonrisa\u00bb- ha afirmado el Alcalde. Quien tambi\u00e9n ha destacado la labor de conexi\u00f3n de la Iglesia con la sociedad de Plasencia en todos sus \u00f3rdenes. \u00abDon Amadeo lleg\u00f3- explic\u00f3 Pizarro- en un momento delicado para la ciudad y consigui\u00f3 con su trabajo multiplicar los panes y los peces\u00bb<\/i>.  <\/p>\n<p>Antes de la conclusi\u00f3n del acto con el himno a Plasencia,<b> el Obispo&nbsp; hizo entrega al alcalde de una litograf\u00eda del siglo XIX del Santo Rostro<\/b>, como s\u00edmbolo de la Di\u00f3cesis de la que ahora es Pastor.  <\/p>\n<p>Finalmente, el Obispo acompa\u00f1ado del Alcalde y de miembros de la Corporaci\u00f3n Municipal, del Clero y de su familia y de un numeroso grupo de fieles, se dirigi\u00f3 a <b>la Plaza \u00abObispo Amadeo\u00bb<\/b>.<\/p>\n","protected":false},"excerpt":{"rendered":"<p>Con el Ave Mar\u00eda, interpretado por Pablo S\u00e1nchez Payo con el violonchelo y Jos\u00e9 Mar\u00eda Villegas al Piano, daba comienzo el s\u00e1bado 22 de abril, el solemne acto de nombramiento de Don Amadeo Rodr\u00edguez Magro como Hijo Adoptivo de Plasencia, en el Claustro del Centro&#8230;<\/p>\n","protected":false},"author":1,"featured_media":0,"comment_status":"closed","ping_status":"closed","sticky":false,"template":"","format":"standard","meta":{"footnotes":""},"categories":[28],"tags":[],"_links":{"self":[{"href":"https:\/\/diocesisplasencia.org\/hemeroteca\/wp-json\/wp\/v2\/posts\/4235"}],"collection":[{"href":"https:\/\/diocesisplasencia.org\/hemeroteca\/wp-json\/wp\/v2\/posts"}],"about":[{"href":"https:\/\/diocesisplasencia.org\/hemeroteca\/wp-json\/wp\/v2\/types\/post"}],"author":[{"embeddable":true,"href":"https:\/\/diocesisplasencia.org\/hemeroteca\/wp-json\/wp\/v2\/users\/1"}],"replies":[{"embeddable":true,"href":"https:\/\/diocesisplasencia.org\/hemeroteca\/wp-json\/wp\/v2\/comments?post=4235"}],"version-history":[{"count":0,"href":"https:\/\/diocesisplasencia.org\/hemeroteca\/wp-json\/wp\/v2\/posts\/4235\/revisions"}],"wp:attachment":[{"href":"https:\/\/diocesisplasencia.org\/hemeroteca\/wp-json\/wp\/v2\/media?parent=4235"}],"wp:term":[{"taxonomy":"category","embeddable":true,"href":"https:\/\/diocesisplasencia.org\/hemeroteca\/wp-json\/wp\/v2\/categories?post=4235"},{"taxonomy":"post_tag","embeddable":true,"href":"https:\/\/diocesisplasencia.org\/hemeroteca\/wp-json\/wp\/v2\/tags?post=4235"}],"curies":[{"name":"wp","href":"https:\/\/api.w.org\/{rel}","templated":true}]}}