{"id":4222,"date":"2017-04-19T10:13:00","date_gmt":"2017-04-19T09:13:00","guid":{"rendered":"http:\/\/www.diocesisplasencia.org\/w\/?p=4222"},"modified":"2017-04-19T10:13:00","modified_gmt":"2017-04-19T09:13:00","slug":"placentinos-por-merecimiento","status":"publish","type":"post","link":"https:\/\/diocesisplasencia.org\/hemeroteca\/placentinos-por-merecimiento\/","title":{"rendered":"Placentinos por merecimiento"},"content":{"rendered":"<p><a href=\"http:\/\/www.hoy.es\/plasencia\/201704\/19\/placentinos-merecimiento-20170419001615-v.html\" target=\"_blank\" rel=\"noopener noreferrer\">DIARIO HOY 19-04-17<\/a><\/p>\n<p>Es el reconocimiento que se reserva para quienes, sin haber nacido en Plasencia, desarrollan una tarea destacada a favor de la ciudad. Y no son tantos como podr\u00eda esperarse. El que fuera obispo de la Di\u00f3cesis entre 2003 y 2016, Amadeo Rodr\u00edguez Magro, se ha convertido en el decimoctavo hijo adoptivo de Plasencia, t\u00edtulo que le ser\u00e1 entregado este s\u00e1bado en un acto oficial que tendr\u00e1 lugar en el centro cultural Las Claras.<\/p>\n<p><!--more--><\/p>\n<p><p>En realidad decir que los hijos adoptivos de Plasencia son 18 resulta un tanto aventurado, en primer lugar porque entre ellos hay todo un colectivo -el de los Hijos de Granadilla-, un matrimonio y un cargo militar sin nombre propio. Adem\u00e1s, algunos de los que figuran en esa lista fueron propuestos y se abrieron los preceptivos expedientes, pero en al menos dos casos no existe la certeza de que el nombramiento llegara a hacerse oficial.  <\/p>\n<p>El primer hijo adoptivo del que se tiene constancia documental, seg\u00fan se\u00f1ala la archivera y cronista oficial de Plasencia, Esther S\u00e1nchez, es Jos\u00e9 Benavides Checa, chantre de la catedral y autor del renombrado estudio &#8216;El fuero de Plasencia&#8217;, quien recibi\u00f3 el t\u00edtulo de hijo adoptivo en el a\u00f1o 1897. Cronol\u00f3gicamente aparece despu\u00e9s, en 1912, Rafael Esbry S\u00e1nchez, que fue diputado en Cortes y director de varias publicaciones militares, y a quien Plasencia otorg\u00f3 el reconocimiento por haber acelerado los tr\u00e1mites para crear la red de abastecimiento de agua. <\/p>\n<p>A partir de ah\u00ed se debe avanzar m\u00e1s de medio siglo, hasta 1967, para encontrar al siguiente hijo adoptivo del que hay rastro documental conocido, el entonces ministro de Obras P\u00fablicas Federico Silva. <\/p>\n<p> Fue en los a\u00f1os setenta, durante el mandato del alcalde Juan Francisco Serrano Pino, cuando el n\u00famero de hijos adoptivos se dispar\u00f3. En esa \u00e9poca fueron nombrados, o al menos se llevaron a cabo los tr\u00e1mites para hacerlo, el comandante del Regimiento \u00d3rdenes Militares 37 (1970), el gobernador civil de C\u00e1ceres Federico Trillo Figueroa (1971), Manuel Falc\u00f3 e Hilda Fern\u00e1ndez, marqueses de Mirabel (1972), el consejero nacional por C\u00e1ceres Fernando Hern\u00e1ndez Gil (1973) y el alto cargo del Ministerio de Hacienda Jos\u00e9 Barea Teijeiro (1975). <\/p>\n<p>Ya con Jos\u00e9 Luis Mari\u00f1o en la alcald\u00eda, en 1985 se nombr\u00f3 hijo adoptivo al reputado intelectual Pedro de Lorenzo. Despu\u00e9s no hubo m\u00e1s hasta el mandato de Jos\u00e9 Luis D\u00edaz, que reconoci\u00f3 al doctor Marceliano Sayans (1995), al sacerdote Ceferino Garc\u00eda Vidal (1998) y al profesor y escritor Antonio Mart\u00edn Majadas (2002). Elia Mar\u00eda Blanco nombr\u00f3 a los Hijos de Granadilla (2005), al anterior alcalde socialista, C\u00e1ndido Cabrera (2010), y tambi\u00e9n ese a\u00f1o a la primera y hasta ahora \u00fanica mujer que ha recibido el reconocimiento en solitario: la directora del centro asociado de la UNED en Plasencia, Consuelo Boticario. <\/p>\n<p>Fernando Pizarro ha nombrado en sus casi seis a\u00f1os como alcalde a dos hijos adoptivos: el que fuera presidente de Caja Extremadura, Jes\u00fas Medina Oca\u00f1a, en 2013, y en 2016 al obispo Amadeo Rodr\u00edguez Magro, que recibe el t\u00edtulo este s\u00e1bado. <\/p>\n<p>Desde que entr\u00f3 en vigor durante el mandato de Jos\u00e9 Luis D\u00edaz el actual Reglamento de Distinciones, los hijos adoptivos tienen derecho a que se les dedique una calle o plaza de Plasencia. Todos ellos tienen ya una asignada excepto Jes\u00fas Medina, incluyendo a Amadeo Rodr\u00edguez, que da nombre al nuevo espacio urbano creado junto a la Puerta del Sol tras el derribo del antiguo parking de pago. <\/p>\n<p>La ceremonia de nombramiento de Amadeo Rodr\u00edguez, ahora obispo de Ja\u00e9n, ser\u00e1 en el claustro de Las Claras el s\u00e1bado a las 12.00 horas y asistir\u00e1n representantes de todos los \u00e1mbitos sociales de la ciudad.<\/p>\n","protected":false},"excerpt":{"rendered":"<p>DIARIO HOY 19-04-17 Es el reconocimiento que se reserva para quienes, sin haber nacido en Plasencia, desarrollan una tarea destacada a favor de la ciudad. Y no son tantos como podr\u00eda esperarse. El que fuera obispo de la Di\u00f3cesis entre 2003 y 2016, Amadeo Rodr\u00edguez&#8230;<\/p>\n","protected":false},"author":1,"featured_media":0,"comment_status":"closed","ping_status":"closed","sticky":false,"template":"","format":"standard","meta":{"footnotes":""},"categories":[40],"tags":[],"_links":{"self":[{"href":"https:\/\/diocesisplasencia.org\/hemeroteca\/wp-json\/wp\/v2\/posts\/4222"}],"collection":[{"href":"https:\/\/diocesisplasencia.org\/hemeroteca\/wp-json\/wp\/v2\/posts"}],"about":[{"href":"https:\/\/diocesisplasencia.org\/hemeroteca\/wp-json\/wp\/v2\/types\/post"}],"author":[{"embeddable":true,"href":"https:\/\/diocesisplasencia.org\/hemeroteca\/wp-json\/wp\/v2\/users\/1"}],"replies":[{"embeddable":true,"href":"https:\/\/diocesisplasencia.org\/hemeroteca\/wp-json\/wp\/v2\/comments?post=4222"}],"version-history":[{"count":0,"href":"https:\/\/diocesisplasencia.org\/hemeroteca\/wp-json\/wp\/v2\/posts\/4222\/revisions"}],"wp:attachment":[{"href":"https:\/\/diocesisplasencia.org\/hemeroteca\/wp-json\/wp\/v2\/media?parent=4222"}],"wp:term":[{"taxonomy":"category","embeddable":true,"href":"https:\/\/diocesisplasencia.org\/hemeroteca\/wp-json\/wp\/v2\/categories?post=4222"},{"taxonomy":"post_tag","embeddable":true,"href":"https:\/\/diocesisplasencia.org\/hemeroteca\/wp-json\/wp\/v2\/tags?post=4222"}],"curies":[{"name":"wp","href":"https:\/\/api.w.org\/{rel}","templated":true}]}}