{"id":4203,"date":"2017-04-10T09:51:00","date_gmt":"2017-04-10T08:51:00","guid":{"rendered":"http:\/\/www.diocesisplasencia.org\/w\/?p=4203"},"modified":"2017-04-10T09:51:00","modified_gmt":"2017-04-10T08:51:00","slug":"se-podrn-recibir-videos-de-la-pasin-por-whatsapp","status":"publish","type":"post","link":"https:\/\/diocesisplasencia.org\/hemeroteca\/se-podrn-recibir-videos-de-la-pasin-por-whatsapp\/","title":{"rendered":"Se podr\u00e1n recibir videos de la Pasi\u00f3n por \u2018WhatsApp\u2019"},"content":{"rendered":"<p>EL PERI\u00d3DICO EXTREMADURA 10-04-17<\/p>\n<p>Todos los fieles de la di\u00f3cesis que lo deseen podr\u00e1n recibir diariamente en su tel\u00e9fono m\u00f3vil, durante toda la Semana Santa, \u00abv\u00eddeos y reflexiones sobre el Evangelio relativos a la Semana de Pasi\u00f3n de Jes\u00fas\u00bb. Es una novedosa opci\u00f3n que ofrece la oficina de comunicaci\u00f3n del Obispado y, para recibir la informaci\u00f3n, hay que enviar un mensaje de WhatsApp con el nombre del interesado al 669 320 904.<\/p>\n","protected":false},"excerpt":{"rendered":"<p>EL PERI\u00d3DICO EXTREMADURA 10-04-17 Todos los fieles de la di\u00f3cesis que lo deseen podr\u00e1n recibir diariamente en su tel\u00e9fono m\u00f3vil, durante toda la Semana Santa, \u00abv\u00eddeos y reflexiones sobre el Evangelio relativos a la Semana de Pasi\u00f3n de Jes\u00fas\u00bb. Es una novedosa opci\u00f3n que ofrece&#8230;<\/p>\n","protected":false},"author":1,"featured_media":0,"comment_status":"closed","ping_status":"closed","sticky":false,"template":"","format":"standard","meta":{"footnotes":""},"categories":[40],"tags":[],"_links":{"self":[{"href":"https:\/\/diocesisplasencia.org\/hemeroteca\/wp-json\/wp\/v2\/posts\/4203"}],"collection":[{"href":"https:\/\/diocesisplasencia.org\/hemeroteca\/wp-json\/wp\/v2\/posts"}],"about":[{"href":"https:\/\/diocesisplasencia.org\/hemeroteca\/wp-json\/wp\/v2\/types\/post"}],"author":[{"embeddable":true,"href":"https:\/\/diocesisplasencia.org\/hemeroteca\/wp-json\/wp\/v2\/users\/1"}],"replies":[{"embeddable":true,"href":"https:\/\/diocesisplasencia.org\/hemeroteca\/wp-json\/wp\/v2\/comments?post=4203"}],"version-history":[{"count":0,"href":"https:\/\/diocesisplasencia.org\/hemeroteca\/wp-json\/wp\/v2\/posts\/4203\/revisions"}],"wp:attachment":[{"href":"https:\/\/diocesisplasencia.org\/hemeroteca\/wp-json\/wp\/v2\/media?parent=4203"}],"wp:term":[{"taxonomy":"category","embeddable":true,"href":"https:\/\/diocesisplasencia.org\/hemeroteca\/wp-json\/wp\/v2\/categories?post=4203"},{"taxonomy":"post_tag","embeddable":true,"href":"https:\/\/diocesisplasencia.org\/hemeroteca\/wp-json\/wp\/v2\/tags?post=4203"}],"curies":[{"name":"wp","href":"https:\/\/api.w.org\/{rel}","templated":true}]}}