{"id":4197,"date":"2017-04-10T08:55:55","date_gmt":"2017-04-10T07:55:55","guid":{"rendered":"http:\/\/www.diocesisplasencia.org\/w\/?p=4197"},"modified":"2017-04-10T08:55:55","modified_gmt":"2017-04-10T07:55:55","slug":"los-prelados-de-la-provincia-eclesistica-de-extremadura-reunidos-en-cceres","status":"publish","type":"post","link":"https:\/\/diocesisplasencia.org\/hemeroteca\/los-prelados-de-la-provincia-eclesistica-de-extremadura-reunidos-en-cceres\/","title":{"rendered":"Los prelados de la Provincia Eclesi\u00e1stica de Extremadura reunidos en C\u00e1ceres"},"content":{"rendered":"<p><a href=\"http:\/\/www.diocesisplasencia.org\/w\/wp-content\/uploads\/2015\/03a8bf635f42_8A1D\/IMG-20170406-WA0011.jpg\"><img decoding=\"async\" title=\"IMG-20170406-WA0011\" style=\"border-left-width: 0px; border-right-width: 0px; background-image: none; border-bottom-width: 0px; padding-top: 0px; padding-left: 0px; display: inline; padding-right: 0px; border-top-width: 0px\" border=\"0\" alt=\"IMG-20170406-WA0011\" src=\"http:\/\/www.diocesisplasencia.org\/w\/wp-content\/uploads\/2015\/03a8bf635f42_8A1D\/IMG-20170406-WA0011_thumb.jpg\" width=\"244\" height=\"184\"><\/a>  <\/p>\n<p>Este jueves 6 de abril, la Di\u00f3cesis de Coria-C\u00e1ceres ha acogido la celebraci\u00f3n de un nuevo encuentro entre los obispos y representantes de las tres di\u00f3cesis de la Provincia Eclesi\u00e1stica de Extremadura.<\/p>\n<p><!--more--><\/p>\n<p>El arzobispo de M\u00e9rida-Badajoz, Don Celso Morga, Don Francisco Cerro Chaves, obispo de Coria-C\u00e1ceres y nuestro administrador diocesano, Don Francisco Rico Bayo, estuvieron acompa\u00f1ados por los Vicarios Generales de M\u00e9rida-Badajoz, Don Mateo Blanco y el Vicario General de Coria-C\u00e1ceres, Don Diego Zambrano.  <\/p>\n<p>Estas reuniones se celebran de forma peri\u00f3dica para la puesta en com\u00fan de las diferentes realidades diocesanas y para abordar los distintos aspectos en los que las di\u00f3cesis extreme\u00f1as trabajan de forma conjunta.  <\/p>\n<p>Entre los temas tratados, destaca el an\u00e1lisis de la coordinaci\u00f3n de las tres di\u00f3cesis en el Instituto Superior de Ciencias Religiosas Santa Mar\u00eda de Guadalupe, valorando la marcha del mismo y analizando las claves para mejorar algunos aspectos. Por otro lado, se abord\u00f3 la pastoral familiar bajo la Exhortaci\u00f3n del Papa Amoris Laetitia y se debati\u00f3 la posibilidad de editar un manual de orientaci\u00f3n del trabajo de las tres di\u00f3cesis en el \u00e1mbito de la Pastoral Familiar. Tambi\u00e9n en la reuni\u00f3n se inform\u00f3 sobre las relaciones con diversas instituciones civiles y pol\u00edticas.  <\/p>\n<p>El vicario de pastoral de la di\u00f3cesis de Coria-C\u00e1ceres, Jes\u00fas Moreno Ramos y secretario del S\u00ednodo Diocesano, asisti\u00f3 al final de la jornada para informar del desarrollo del XIV S\u00ednodo Diocesano Caminar Juntos con Cristo para buscar, renovar y fortalecer la fe.  <\/p>\n<p>Y finalmente, se destac\u00f3 la pr\u00f3xima ordenaci\u00f3n episcopal del nuevo obispo de la di\u00f3cesis placentina que ser\u00e1 el 24 de junio a las 11 horas en Catedral de Plasencia. La pr\u00f3xima reuni\u00f3n se celebrar\u00e1 ya en septiembre con la incorporaci\u00f3n de Don Jos\u00e9 Luis Retana como nuevo obispo de la Di\u00f3cesis de Plasencia.<\/p>\n","protected":false},"excerpt":{"rendered":"<p>Este jueves 6 de abril, la Di\u00f3cesis de Coria-C\u00e1ceres ha acogido la celebraci\u00f3n de un nuevo encuentro entre los obispos y representantes de las tres di\u00f3cesis de la Provincia Eclesi\u00e1stica de Extremadura.<\/p>\n","protected":false},"author":1,"featured_media":0,"comment_status":"closed","ping_status":"closed","sticky":false,"template":"","format":"standard","meta":{"footnotes":""},"categories":[28],"tags":[],"_links":{"self":[{"href":"https:\/\/diocesisplasencia.org\/hemeroteca\/wp-json\/wp\/v2\/posts\/4197"}],"collection":[{"href":"https:\/\/diocesisplasencia.org\/hemeroteca\/wp-json\/wp\/v2\/posts"}],"about":[{"href":"https:\/\/diocesisplasencia.org\/hemeroteca\/wp-json\/wp\/v2\/types\/post"}],"author":[{"embeddable":true,"href":"https:\/\/diocesisplasencia.org\/hemeroteca\/wp-json\/wp\/v2\/users\/1"}],"replies":[{"embeddable":true,"href":"https:\/\/diocesisplasencia.org\/hemeroteca\/wp-json\/wp\/v2\/comments?post=4197"}],"version-history":[{"count":0,"href":"https:\/\/diocesisplasencia.org\/hemeroteca\/wp-json\/wp\/v2\/posts\/4197\/revisions"}],"wp:attachment":[{"href":"https:\/\/diocesisplasencia.org\/hemeroteca\/wp-json\/wp\/v2\/media?parent=4197"}],"wp:term":[{"taxonomy":"category","embeddable":true,"href":"https:\/\/diocesisplasencia.org\/hemeroteca\/wp-json\/wp\/v2\/categories?post=4197"},{"taxonomy":"post_tag","embeddable":true,"href":"https:\/\/diocesisplasencia.org\/hemeroteca\/wp-json\/wp\/v2\/tags?post=4197"}],"curies":[{"name":"wp","href":"https:\/\/api.w.org\/{rel}","templated":true}]}}