{"id":4171,"date":"2017-04-03T11:10:16","date_gmt":"2017-04-03T10:10:16","guid":{"rendered":"http:\/\/www.diocesisplasencia.org\/w\/?p=4171"},"modified":"2017-04-03T11:10:16","modified_gmt":"2017-04-03T10:10:16","slug":"lo-ms-ledo-de-la-semana-en-nuestra-web-2","status":"publish","type":"post","link":"https:\/\/diocesisplasencia.org\/hemeroteca\/lo-ms-ledo-de-la-semana-en-nuestra-web-2\/","title":{"rendered":"Lo m\u00e1s le\u00eddo de la semana en nuestra web"},"content":{"rendered":"<p><a href=\"http:\/\/www.diocesisplasencia.org\/w\/wp-content\/uploads\/2015\/Lo-ms-ledo-de-la-semana-en-nuestra-web_AAA1\/IMG-20170331-WA0018.jpg\"><img fetchpriority=\"high\" decoding=\"async\" title=\"IMG-20170331-WA0018\" style=\"border-left-width: 0px; border-right-width: 0px; background-image: none; border-bottom-width: 0px; padding-top: 0px; padding-left: 0px; display: inline; padding-right: 0px; border-top-width: 0px\" border=\"0\" alt=\"IMG-20170331-WA0018\" src=\"http:\/\/www.diocesisplasencia.org\/w\/wp-content\/uploads\/2015\/Lo-ms-ledo-de-la-semana-en-nuestra-web_AAA1\/IMG-20170331-WA0018_thumb.jpg\" width=\"290\" height=\"216\"><\/a><\/p>\n<p>Por segunda semana consecutiva lo m\u00e1s le\u00eddo de la semana (del 27 de marzo al 2 de abril) en la web de la Di\u00f3cesis <a href=\"http:\/\/www.diocesisplasencia\">www.diocesisplasencia<\/a>. org, ha sido una noticia que habla de nuestro Obispo Electo don Jos\u00e9 Luis. <\/p>\n<p><!--more-->Disfruta de ella en este enlace:   <\/p>\n<p>&nbsp;<a title=\"http:\/\/www.diocesisplasencia.org\/w\/?p=4162\" href=\"http:\/\/www.diocesisplasencia.org\/w\/?p=4162\">http:\/\/www.diocesisplasencia.org\/w\/?p=4162<\/a><\/p>\n","protected":false},"excerpt":{"rendered":"<p>Por segunda semana consecutiva lo m\u00e1s le\u00eddo de la semana (del 27 de marzo al 2 de abril) en la web de la Di\u00f3cesis www.diocesisplasencia. org, ha sido una noticia que habla de nuestro Obispo Electo don Jos\u00e9 Luis.<\/p>\n","protected":false},"author":1,"featured_media":0,"comment_status":"closed","ping_status":"closed","sticky":false,"template":"","format":"standard","meta":{"footnotes":""},"categories":[28],"tags":[],"_links":{"self":[{"href":"https:\/\/diocesisplasencia.org\/hemeroteca\/wp-json\/wp\/v2\/posts\/4171"}],"collection":[{"href":"https:\/\/diocesisplasencia.org\/hemeroteca\/wp-json\/wp\/v2\/posts"}],"about":[{"href":"https:\/\/diocesisplasencia.org\/hemeroteca\/wp-json\/wp\/v2\/types\/post"}],"author":[{"embeddable":true,"href":"https:\/\/diocesisplasencia.org\/hemeroteca\/wp-json\/wp\/v2\/users\/1"}],"replies":[{"embeddable":true,"href":"https:\/\/diocesisplasencia.org\/hemeroteca\/wp-json\/wp\/v2\/comments?post=4171"}],"version-history":[{"count":0,"href":"https:\/\/diocesisplasencia.org\/hemeroteca\/wp-json\/wp\/v2\/posts\/4171\/revisions"}],"wp:attachment":[{"href":"https:\/\/diocesisplasencia.org\/hemeroteca\/wp-json\/wp\/v2\/media?parent=4171"}],"wp:term":[{"taxonomy":"category","embeddable":true,"href":"https:\/\/diocesisplasencia.org\/hemeroteca\/wp-json\/wp\/v2\/categories?post=4171"},{"taxonomy":"post_tag","embeddable":true,"href":"https:\/\/diocesisplasencia.org\/hemeroteca\/wp-json\/wp\/v2\/tags?post=4171"}],"curies":[{"name":"wp","href":"https:\/\/api.w.org\/{rel}","templated":true}]}}