{"id":4162,"date":"2017-03-31T11:07:59","date_gmt":"2017-03-31T10:07:59","guid":{"rendered":"http:\/\/www.diocesisplasencia.org\/w\/?p=4162"},"modified":"2017-03-31T11:07:59","modified_gmt":"2017-03-31T10:07:59","slug":"miembros-del-colegio-de-consultores-en-vila-con-don-jos-luis","status":"publish","type":"post","link":"https:\/\/diocesisplasencia.org\/hemeroteca\/miembros-del-colegio-de-consultores-en-vila-con-don-jos-luis\/","title":{"rendered":"Miembros del colegio de consultores en \u00c1vila con Don Jos\u00e9 Luis"},"content":{"rendered":"<p><a href=\"http:\/\/www.diocesisplasencia.org\/w\/wp-content\/uploads\/2015\/El-colegio-de-consultores-en-vila-con-Do_A90C\/IMG-20170331-WA0018.jpg\"><img fetchpriority=\"high\" decoding=\"async\" title=\"IMG-20170331-WA0018\" style=\"border-left-width: 0px; border-right-width: 0px; background-image: none; border-bottom-width: 0px; padding-top: 0px; padding-left: 0px; display: inline; padding-right: 0px; border-top-width: 0px\" border=\"0\" alt=\"IMG-20170331-WA0018\" src=\"http:\/\/www.diocesisplasencia.org\/w\/wp-content\/uploads\/2015\/El-colegio-de-consultores-en-vila-con-Do_A90C\/IMG-20170331-WA0018_thumb.jpg\" width=\"438\" height=\"326\"><\/a><\/p>\n<p>Cada vez est\u00e1 m\u00e1s cerca el 24 de junio, d\u00eda de la ordenaci\u00f3n episcopal de don Jos\u00e9 Luis Retana Gozalo, obispo electo de la Di\u00f3cesis de Plasencia.<\/p>\n<p><!--more-->As\u00ed el martes 28 de marzo, miembros del Colegio de Consultores de la Di\u00f3cesis, encabezados por nuestro Administrador Diocesano, se desplazaron hasta \u00c1vila para estar con don Jos\u00e9 Luis.  <\/p>\n<p>Entre otros objetivos la visita se llev\u00f3 a cabo para conocerse personalmente y concretar especialmente todos los detalles relacionados con la ordenaci\u00f3n episcopal de don Jos\u00e9 Luis y su llegada a nuestra Di\u00f3cesis.<\/p>\n","protected":false},"excerpt":{"rendered":"<p>Cada vez est\u00e1 m\u00e1s cerca el 24 de junio, d\u00eda de la ordenaci\u00f3n episcopal de don Jos\u00e9 Luis Retana Gozalo, obispo electo de la Di\u00f3cesis de Plasencia.<\/p>\n","protected":false},"author":1,"featured_media":0,"comment_status":"closed","ping_status":"closed","sticky":false,"template":"","format":"standard","meta":{"footnotes":""},"categories":[28],"tags":[],"_links":{"self":[{"href":"https:\/\/diocesisplasencia.org\/hemeroteca\/wp-json\/wp\/v2\/posts\/4162"}],"collection":[{"href":"https:\/\/diocesisplasencia.org\/hemeroteca\/wp-json\/wp\/v2\/posts"}],"about":[{"href":"https:\/\/diocesisplasencia.org\/hemeroteca\/wp-json\/wp\/v2\/types\/post"}],"author":[{"embeddable":true,"href":"https:\/\/diocesisplasencia.org\/hemeroteca\/wp-json\/wp\/v2\/users\/1"}],"replies":[{"embeddable":true,"href":"https:\/\/diocesisplasencia.org\/hemeroteca\/wp-json\/wp\/v2\/comments?post=4162"}],"version-history":[{"count":0,"href":"https:\/\/diocesisplasencia.org\/hemeroteca\/wp-json\/wp\/v2\/posts\/4162\/revisions"}],"wp:attachment":[{"href":"https:\/\/diocesisplasencia.org\/hemeroteca\/wp-json\/wp\/v2\/media?parent=4162"}],"wp:term":[{"taxonomy":"category","embeddable":true,"href":"https:\/\/diocesisplasencia.org\/hemeroteca\/wp-json\/wp\/v2\/categories?post=4162"},{"taxonomy":"post_tag","embeddable":true,"href":"https:\/\/diocesisplasencia.org\/hemeroteca\/wp-json\/wp\/v2\/tags?post=4162"}],"curies":[{"name":"wp","href":"https:\/\/api.w.org\/{rel}","templated":true}]}}