{"id":4143,"date":"2017-03-27T09:59:24","date_gmt":"2017-03-27T08:59:24","guid":{"rendered":"http:\/\/www.diocesisplasencia.org\/w\/?p=4143"},"modified":"2017-03-27T09:59:24","modified_gmt":"2017-03-27T08:59:24","slug":"critas-diocesana-de-plasencia-con-per","status":"publish","type":"post","link":"https:\/\/diocesisplasencia.org\/hemeroteca\/critas-diocesana-de-plasencia-con-per\/","title":{"rendered":"C\u00e1ritas Diocesana de Plasencia con Per\u00fa"},"content":{"rendered":"<p><a href=\"http:\/\/www.diocesisplasencia.org\/w\/wp-content\/uploads\/2015\/Critas-Diocesana-de-Plasencia-con-Per_9A6A\/CRITAS-CON-PER-1.jpg\"><img fetchpriority=\"high\" decoding=\"async\" title=\"CRITAS-CON-PER-1\" style=\"border-left-width: 0px; border-right-width: 0px; background-image: none; border-bottom-width: 0px; padding-top: 0px; padding-left: 0px; display: inline; padding-right: 0px; border-top-width: 0px\" border=\"0\" alt=\"CRITAS-CON-PER-1\" src=\"http:\/\/www.diocesisplasencia.org\/w\/wp-content\/uploads\/2015\/Critas-Diocesana-de-Plasencia-con-Per_9A6A\/CRITAS-CON-PER-1_thumb.jpg\" width=\"435\" height=\"327\"><\/a><\/p>\n<p>&nbsp;<\/p>\n<p>C\u00e1ritas Diocesana de Plasencia se suma al llamamiento que la Red Mundial de C\u00e1ritas realiza ante la situaci\u00f3n de emergencia humanitaria simult\u00e1nea en Per\u00fa y el Cuerno de \u00c1frica.<\/p>\n<p><!--more-->Lee la noticia completa en el siguiente enlace.  <\/p>\n<p><a title=\"http:\/\/www.caritasplasencia.org\/w\/emergencia-humanitaria-simultnea-en-per-y-el-cuerno-de-frica\/\" href=\"http:\/\/www.caritasplasencia.org\/w\/emergencia-humanitaria-simultnea-en-per-y-el-cuerno-de-frica\/\">http:\/\/www.caritasplasencia.org\/w\/emergencia-humanitaria-simultnea-en-per-y-el-cuerno-de-frica\/<\/a><\/p>\n","protected":false},"excerpt":{"rendered":"<p>&nbsp; C\u00e1ritas Diocesana de Plasencia se suma al llamamiento que la Red Mundial de C\u00e1ritas realiza ante la situaci\u00f3n de emergencia humanitaria simult\u00e1nea en Per\u00fa y el Cuerno de \u00c1frica.<\/p>\n","protected":false},"author":1,"featured_media":0,"comment_status":"closed","ping_status":"closed","sticky":false,"template":"","format":"standard","meta":{"footnotes":""},"categories":[28],"tags":[],"_links":{"self":[{"href":"https:\/\/diocesisplasencia.org\/hemeroteca\/wp-json\/wp\/v2\/posts\/4143"}],"collection":[{"href":"https:\/\/diocesisplasencia.org\/hemeroteca\/wp-json\/wp\/v2\/posts"}],"about":[{"href":"https:\/\/diocesisplasencia.org\/hemeroteca\/wp-json\/wp\/v2\/types\/post"}],"author":[{"embeddable":true,"href":"https:\/\/diocesisplasencia.org\/hemeroteca\/wp-json\/wp\/v2\/users\/1"}],"replies":[{"embeddable":true,"href":"https:\/\/diocesisplasencia.org\/hemeroteca\/wp-json\/wp\/v2\/comments?post=4143"}],"version-history":[{"count":0,"href":"https:\/\/diocesisplasencia.org\/hemeroteca\/wp-json\/wp\/v2\/posts\/4143\/revisions"}],"wp:attachment":[{"href":"https:\/\/diocesisplasencia.org\/hemeroteca\/wp-json\/wp\/v2\/media?parent=4143"}],"wp:term":[{"taxonomy":"category","embeddable":true,"href":"https:\/\/diocesisplasencia.org\/hemeroteca\/wp-json\/wp\/v2\/categories?post=4143"},{"taxonomy":"post_tag","embeddable":true,"href":"https:\/\/diocesisplasencia.org\/hemeroteca\/wp-json\/wp\/v2\/tags?post=4143"}],"curies":[{"name":"wp","href":"https:\/\/api.w.org\/{rel}","templated":true}]}}