{"id":4123,"date":"2017-03-22T13:57:00","date_gmt":"2017-03-22T12:57:00","guid":{"rendered":"http:\/\/www.diocesisplasencia.org\/w\/?p=4123"},"modified":"2017-03-22T13:57:00","modified_gmt":"2017-03-22T12:57:00","slug":"monseor-don-ciriaco-benavente-mateos-celebra-sus-bodas-de-plata-como-obispo","status":"publish","type":"post","link":"https:\/\/diocesisplasencia.org\/hemeroteca\/monseor-don-ciriaco-benavente-mateos-celebra-sus-bodas-de-plata-como-obispo\/","title":{"rendered":"Monse\u00f1or Don Ciriaco Benavente Mateos celebra sus bodas de plata como obispo"},"content":{"rendered":"<p><a href=\"http:\/\/www.diocesisplasencia.org\/w\/wp-content\/uploads\/2015\/Monseor-Don-Ciriaco-Benavente-Mateos-cel_FC78\/01.jpg\"><img decoding=\"async\" style=\"background-image: none; border-bottom: 0px; border-left: 0px; margin: 0px auto; padding-left: 0px; padding-right: 0px; display: block; float: none; border-top: 0px; border-right: 0px; padding-top: 0px\" title=\"01\" border=\"0\" alt=\"01\" src=\"http:\/\/www.diocesisplasencia.org\/w\/wp-content\/uploads\/2015\/Monseor-Don-Ciriaco-Benavente-Mateos-cel_FC78\/01_thumb.jpg\" width=\"244\" height=\"164\"><\/a><\/p>\n<p>Las bodas de plata episcopales de Monse\u00f1or Don Ciriaco Benavente Mateos se celebraron con una Eucarist\u00eda de Acci\u00f3n de Gracias en la S.I. Catedral de Albacete, a las 12 de la ma\u00f1ana del mi\u00e9rcoles 22 de marzo, d\u00eda del Aniversario de su Ordenaci\u00f3n Episcopal. Una decena de obispos y un centenar de sacerdotes participaron en la misa presidida por Monse\u00f1or Ciriaco Benavente. Entre los obispos el arzobispo de Toledo y su auxiliar; los obispos de Ciudad Real, Cuenca, Sig\u00fcenza-Guadalajara, Ja\u00e9n, Coria-C\u00e1ceres, Orihuela-Alicante y el administrador diocesano de Plasencia, Don Francisco Rico Bayo. Tambi\u00e9n asisti\u00f3 D. Victorio Oliver, obispo em\u00e9tico de Orihuela Alicante y vicarios generales de las di\u00f3cesis espa\u00f1olas.<\/p>\n<p><!--more--><\/p>\n<p>&nbsp;<\/p>\n<p><strong><a href=\"http:\/\/www.diocesisplasencia.org\/w\/wp-content\/uploads\/2015\/Monseor-Don-Ciriaco-Benavente-Mateos-cel_FC78\/02.jpg\"><img decoding=\"async\" style=\"background-image: none; border-bottom: 0px; border-left: 0px; margin: 0px auto; padding-left: 0px; padding-right: 0px; display: block; float: none; border-top: 0px; border-right: 0px; padding-top: 0px\" title=\"02\" border=\"0\" alt=\"02\" src=\"http:\/\/www.diocesisplasencia.org\/w\/wp-content\/uploads\/2015\/Monseor-Don-Ciriaco-Benavente-Mateos-cel_FC78\/02_thumb.jpg\" width=\"244\" height=\"164\"><\/a><\/strong><\/p>\n<p><strong>Biograf\u00eda<\/strong><br \/>Mons. D. Ciriaco Benavente Mateos naci\u00f3 el 3 de enero de 1943 en Malpartida de Plasencia, provincia de C\u00e1ceres y di\u00f3cesis de Plasencia.<br \/>Curs\u00f3 los estudios eclesi\u00e1sticos en el Seminario de Plasencia y fue ordenado sacerdote el 4 de junio de 1966. Es Graduado Social por la Universidad de Salamanca (1971).<\/p>\n<p>Comenz\u00f3 su ministerio sacerdotal en el pueblo salmantino de B\u00e9jar, donde fue coadjutor, de 1966 a 1972, y luego p\u00e1rroco, de 1973 a 1979, de la Parroquia de San Juan Bautista. Desde 1979 a 1982 fue Rector del Seminario de Plasencia y Delegado Diocesano del Clero entre 1982 y 1990.<\/p>\n<p>Este \u00faltimo a\u00f1o fue nombrado Vicario General de la di\u00f3cesis, cargo que desempe\u00f1\u00f3 hasta su nombramiento episcopal. El 22 de marzo de 1992 fue ordenado Obispo en Coria. Obispo de la di\u00f3cesis de Coria-C\u00e1ceres hasta diciembre de 2006.<\/p>\n<p>El 16 de octubre de 2006 fue nombrado Obispo de Albacete. Tom\u00f3 posesi\u00f3n en la Santa Iglesia Catedral el d\u00eda 16 de diciembre de 2006<\/p>\n","protected":false},"excerpt":{"rendered":"<p>Las bodas de plata episcopales de Monse\u00f1or Don Ciriaco Benavente Mateos se celebraron con una Eucarist\u00eda de Acci\u00f3n de Gracias en la S.I. Catedral de Albacete, a las 12 de la ma\u00f1ana del mi\u00e9rcoles 22 de marzo, d\u00eda del Aniversario de su Ordenaci\u00f3n Episcopal. Una&#8230;<\/p>\n","protected":false},"author":1,"featured_media":0,"comment_status":"closed","ping_status":"closed","sticky":false,"template":"","format":"standard","meta":{"footnotes":""},"categories":[28],"tags":[],"_links":{"self":[{"href":"https:\/\/diocesisplasencia.org\/hemeroteca\/wp-json\/wp\/v2\/posts\/4123"}],"collection":[{"href":"https:\/\/diocesisplasencia.org\/hemeroteca\/wp-json\/wp\/v2\/posts"}],"about":[{"href":"https:\/\/diocesisplasencia.org\/hemeroteca\/wp-json\/wp\/v2\/types\/post"}],"author":[{"embeddable":true,"href":"https:\/\/diocesisplasencia.org\/hemeroteca\/wp-json\/wp\/v2\/users\/1"}],"replies":[{"embeddable":true,"href":"https:\/\/diocesisplasencia.org\/hemeroteca\/wp-json\/wp\/v2\/comments?post=4123"}],"version-history":[{"count":0,"href":"https:\/\/diocesisplasencia.org\/hemeroteca\/wp-json\/wp\/v2\/posts\/4123\/revisions"}],"wp:attachment":[{"href":"https:\/\/diocesisplasencia.org\/hemeroteca\/wp-json\/wp\/v2\/media?parent=4123"}],"wp:term":[{"taxonomy":"category","embeddable":true,"href":"https:\/\/diocesisplasencia.org\/hemeroteca\/wp-json\/wp\/v2\/categories?post=4123"},{"taxonomy":"post_tag","embeddable":true,"href":"https:\/\/diocesisplasencia.org\/hemeroteca\/wp-json\/wp\/v2\/tags?post=4123"}],"curies":[{"name":"wp","href":"https:\/\/api.w.org\/{rel}","templated":true}]}}