{"id":4101,"date":"2017-03-09T12:49:00","date_gmt":"2017-03-09T11:49:00","guid":{"rendered":"http:\/\/www.diocesisplasencia.org\/w\/?p=4101"},"modified":"2017-03-09T12:49:00","modified_gmt":"2017-03-09T11:49:00","slug":"jos-luis-retana-nuevo-obispo-de-plasencia","status":"publish","type":"post","link":"https:\/\/diocesisplasencia.org\/hemeroteca\/jos-luis-retana-nuevo-obispo-de-plasencia\/","title":{"rendered":"Jos\u00e9 Luis Retana, nuevo obispo de Plasencia"},"content":{"rendered":"<p><a href=\"https:\/\/infovaticana.com\/2017\/03\/09\/3151281\/\" target=\"_blank\" rel=\"noopener noreferrer\">infovaticana.com 09-03-17<\/a><\/p>\n<p>El Papa Francisco ha nombrado nuevo obispo de la di\u00f3cesis de Plasencia a Jos\u00e9 Luis Retana Gozalo. Hasta el momento, Retana se hab\u00eda desempe\u00f1ado como delegado diocesano para las instituciones de ense\u00f1anza de la di\u00f3cesis de \u00c1vila. <\/p>\n<p>Jos\u00e9 Luis Retana Gozalo naci\u00f3 en la abulense localidad de Pedro Bernardo el 12 de marzo de 1953. Estudi\u00f3 filosof\u00eda y teolog\u00eda en el Seminario de \u00c1vila en Salamanca. Fue ordenado sacerdote en Pedro Bernardo el&nbsp; 29 de septiembre de 1979.<\/p>\n<p><!--more--><\/p>\n<p><p>Durante dos a\u00f1os, estudi\u00f3 en la Facultad de Teolog\u00eda de Friburgo. Sigui\u00f3 los cursos de Geograf\u00eda e Historia de la Universidad Nacional de Educaci\u00f3n a Distancia. Tiene una licenciatura en Teolog\u00eda en la Universidad de Salamanca, donde tambi\u00e9n hizo los cursos de doctorado. Ha publicado varios libros de temas hist\u00f3ricos. <\/p>\n<p>Con motivo de su nombramiento, el nuevo obispo ha enviado una carta de saludo a los fieles que pueden leer a continuaci\u00f3n: <\/p>\n<p><em>Queridos fieles de la di\u00f3cesis de Plasencia: mi primer saludo entra\u00f1able es para todos vosotros, que os puse en mi coraz\u00f3n desde el instante en que el Se\u00f1or Nuncio me comunic\u00f3 la noticia de que iba a ser vuestro Obispo. No me ha sido muy dif\u00edcil; para un sacerdote nacido en el Valle del Ti\u00e9tar la di\u00f3cesis de Plasencia no s\u00f3lo es tierra colindante, sino hermana.<\/em> <\/p>\n<p><em>Siento que llego a \u201cuna Iglesia de cristianos adultos\u201d, como os dec\u00eda don Amadeo en su despedida. Voy a vosotros sin ninguna pretensi\u00f3n personal. Deseo continuar con la fruct\u00edfera labor realizada en la di\u00f3cesis por mis predecesores don Carlos y don Amadeo, a los que env\u00edo un recuerdo agradecido, y en comuni\u00f3n con los obispos de la Provincia Eclesi\u00e1stica Emeritense-Pacense, a los que saludo tambi\u00e9n entra\u00f1ablemente.<\/em> <\/p>\n<p><em>Doy gracias a Dios por la paciencia y la enorme bondad que ha tenido conmigo. Agradezco el don de mi vida, mi vida de fe aprendida en el seno de mi familia y en la parroquia de mi pueblo de origen y mi ministerio sacerdotal, que os ofrezco para intentar transmitir juntos la alegr\u00eda de la fe. Agradezco a mi Di\u00f3cesis de \u00c1vila su acogida, la amistad de sus sacerdotes, el afecto de mi querida parroquia de San Pedro Bautista y a sus obispos la confianza que siempre me han dispensado.<\/em> <\/p>\n<p><em>Agradezco al Papa Francisco la confianza que supone enviarme a vosotros como pastor. Espero que me recib\u00e1is con el afecto con el que yo voy a vosotros. Conf\u00edo en vuestra acogida y cuento con vuestra colaboraci\u00f3n para iniciar unidos la misi\u00f3n que el Santo Padre me ha confiado. Me tendr\u00e9is que ense\u00f1ar a realizar bien una tarea que me sobrepasa y que me hace experimentar una profunda desproporci\u00f3n entre lo que soy y lo que se me pide. Ir\u00e9 a vosotros como un padre y como un hermano, pero tambi\u00e9n con alma de disc\u00edpulo para conoceros mejor y amaros profundamente. Espero que la gracia del Se\u00f1or pueda suplir mis deficiencias y limitaciones.<\/em> <\/p>\n<p><em>Doy gracias en nombre propio y, seguro que tambi\u00e9n en nombre de toda nuestra di\u00f3cesis de Plasencia a don Francisco Rico Bayo que, como hermano mayor, ha cuidado a la familia en ausencia del padre. Y al Colegio de Consultores.<\/em> <\/p>\n<p><em>Saludo de modo muy especial a los sacerdotes, mis \u00edntimos colaboradores. Os necesito. Sin vuestra ayuda no podr\u00eda llevar adelante mi ministerio entre vosotros. Agradezco vuestro inmenso y fiel trabajo pastoral y el testimonio de vuestras vidas entregadas al servicio del Evangelio. Quiero ponerme a vuestra entera disposici\u00f3n para que cont\u00e9is conmigo siempre. A la vez yo conf\u00edo en vuestra colaboraci\u00f3n para que, juntos, podamos cumplir la tarea que la Iglesia nos ha encomendado.<\/em> <\/p>\n<p><em>Pongo nuestra tarea de pastoreo ante la oraci\u00f3n de tantas personas consagradas, que mantendr\u00e1n ante el Se\u00f1or nuestros desvelos pastorales. Espero de todos que se\u00e1is fieles a vuestros respectivos carismas, que tanto enriquecen la Iglesia diocesana. Las contemplativas sostendr\u00e9is con vuestras plegarias el trabajo de nuestra di\u00f3cesis. Saludo entra\u00f1ablemente a los seminaristas, a los que querr\u00e9 de modo especial por mi historia personal como Rector en el Seminario de \u00c1vila.<\/em> <\/p>\n<p><em>La iglesia de Plasencia necesita vuestra generosa colaboraci\u00f3n, queridos laicos. Cuento con vosotros queridos j\u00f3venes; no os conform\u00e9is con menos que Cristo. Saludo a las familias, ancianos, enfermos, y de modo especial a todos los que est\u00e1n, con su dolor y sufrimiento, unidos a la Cruz de Cristo. Sin olvidar a los que padecen la angustia de la falta de trabajo. Procurar\u00e9 cuidar de modo especial a los m\u00e1s necesitados.<\/em> <\/p>\n<p><em>Saludo respetuosamente a todas las autoridades de la sociedad civil. Tendr\u00e9is siempre mi disponibilidad y colaboraci\u00f3n para construir juntos una sociedad m\u00e1s justa, en la que la persona sea el centro de nuestros desvelos y pueda crecer en dignidad.<\/em> <\/p>\n<p><em>Ayudadme entre todos a ser un buen Obispo, a configurarme cada d\u00eda m\u00e1s con Cristo, cabeza y pastor, a tener sus mismos sentimientos. Yo le he dicho ya al Se\u00f1or, con vuestros rostros, por ahora desconocidos, delante: \u201cIgnoro por qu\u00e9 raz\u00f3n me elegiste; t\u00fa solo lo sabes\u2026purifica mi coraz\u00f3n y mi mente\u2026pon tus palabras en mis labios\u2026apaci\u00e9ntame, Se\u00f1or, y apacienta T\u00fa conmigo\u2026para que mis obras se realicen seg\u00fan tu voluntad hasta el \u00faltimo momento\u201d (de la Declaraci\u00f3n de la fe de san Juan Damasceno).<\/em> <\/p>\n<p><em>Vengo a vosotros con una actitud de servicio. Cuento con todos para, en la amistad con Cristo, vivir nuestra fe y comunicarla a todos los hombres y mujeres de la di\u00f3cesis de Plasencia. \u00a1\u00c1nimo a todos! Trabajaremos unidos, conscientes de que esta tarea la lleva Otro m\u00e1s grande, que nos prometi\u00f3 no dejarnos nunca solos.<\/em> <\/p>\n<p><em>Desde ahora mismo pongo mi ministerio pastoral bajo la protecci\u00f3n de San Fulgencio y Santa Florentina, patronos de nuestra di\u00f3cesis y de Mar\u00eda, bajo la advocaci\u00f3n de la Virgen de Sonsoles y Virgen del Puerto, para que lo cuide y redunde en bien de esta querida di\u00f3cesis de Plasencia. Pedid por m\u00ed, como yo lo hago por vosotros.<\/em> <\/p>\n<p><em>Con mi afecto y bendici\u00f3n.<\/em><\/p>\n","protected":false},"excerpt":{"rendered":"<p>infovaticana.com 09-03-17 El Papa Francisco ha nombrado nuevo obispo de la di\u00f3cesis de Plasencia a Jos\u00e9 Luis Retana Gozalo. Hasta el momento, Retana se hab\u00eda desempe\u00f1ado como delegado diocesano para las instituciones de ense\u00f1anza de la di\u00f3cesis de \u00c1vila. Jos\u00e9 Luis Retana Gozalo naci\u00f3 en&#8230;<\/p>\n","protected":false},"author":1,"featured_media":0,"comment_status":"closed","ping_status":"closed","sticky":false,"template":"","format":"standard","meta":{"footnotes":""},"categories":[40],"tags":[],"_links":{"self":[{"href":"https:\/\/diocesisplasencia.org\/hemeroteca\/wp-json\/wp\/v2\/posts\/4101"}],"collection":[{"href":"https:\/\/diocesisplasencia.org\/hemeroteca\/wp-json\/wp\/v2\/posts"}],"about":[{"href":"https:\/\/diocesisplasencia.org\/hemeroteca\/wp-json\/wp\/v2\/types\/post"}],"author":[{"embeddable":true,"href":"https:\/\/diocesisplasencia.org\/hemeroteca\/wp-json\/wp\/v2\/users\/1"}],"replies":[{"embeddable":true,"href":"https:\/\/diocesisplasencia.org\/hemeroteca\/wp-json\/wp\/v2\/comments?post=4101"}],"version-history":[{"count":0,"href":"https:\/\/diocesisplasencia.org\/hemeroteca\/wp-json\/wp\/v2\/posts\/4101\/revisions"}],"wp:attachment":[{"href":"https:\/\/diocesisplasencia.org\/hemeroteca\/wp-json\/wp\/v2\/media?parent=4101"}],"wp:term":[{"taxonomy":"category","embeddable":true,"href":"https:\/\/diocesisplasencia.org\/hemeroteca\/wp-json\/wp\/v2\/categories?post=4101"},{"taxonomy":"post_tag","embeddable":true,"href":"https:\/\/diocesisplasencia.org\/hemeroteca\/wp-json\/wp\/v2\/tags?post=4101"}],"curies":[{"name":"wp","href":"https:\/\/api.w.org\/{rel}","templated":true}]}}