{"id":4057,"date":"2017-03-16T11:56:28","date_gmt":"2017-03-16T10:56:28","guid":{"rendered":"http:\/\/www.diocesisplasencia.org\/w\/?p=4057"},"modified":"2017-03-16T11:56:28","modified_gmt":"2017-03-16T10:56:28","slug":"vigilia-de-oracin-siria-la-paz-es-posible-14-de-marzo-de-2016","status":"publish","type":"post","link":"https:\/\/diocesisplasencia.org\/hemeroteca\/vigilia-de-oracin-siria-la-paz-es-posible-14-de-marzo-de-2016\/","title":{"rendered":"Vigilia de Oraci\u00f3n. Siria, la Paz es Posible. 14 de Marzo de 2016"},"content":{"rendered":"<p><a href=\"http:\/\/www.diocesisplasencia.org\/w\/wp-content\/uploads\/2015\/f7e5bc124134_A6FC\/IMG-20170315-WA0002.jpg\"><img fetchpriority=\"high\" decoding=\"async\" title=\"IMG-20170315-WA0002\" style=\"border-left-width: 0px; border-right-width: 0px; background-image: none; border-bottom-width: 0px; padding-top: 0px; padding-left: 0px; display: inline; padding-right: 0px; border-top-width: 0px\" border=\"0\" alt=\"IMG-20170315-WA0002\" src=\"http:\/\/www.diocesisplasencia.org\/w\/wp-content\/uploads\/2015\/f7e5bc124134_A6FC\/IMG-20170315-WA0002_thumb.jpg\" width=\"432\" height=\"325\"><\/a><\/p>\n<p>C\u00e1ritas Diocesana de Plasencia se uni\u00f3 en oraci\u00f3n por la Paz en Siria. Una acci\u00f3n que llevaron a cabo de forma conjunta, con diferentes actividades, todas las C\u00e1ritas Espa\u00f1olas el martes d\u00eda 14, al cumplirse seis a\u00f1os del inicio del conflicto b\u00e9lico en Siria. <\/p>\n<p><!--more--><\/p>\n<p>M\u00e1s informaci\u00f3n en el siguiente enlace:<\/p>\n<p><a title=\"http:\/\/www.caritasplasencia.org\/w\/vigilia-de-oracin-siria-la-paz-es-posible-14-de-marzo-de-2016\/\" href=\"http:\/\/www.caritasplasencia.org\/w\/vigilia-de-oracin-siria-la-paz-es-posible-14-de-marzo-de-2016\/\">http:\/\/www.caritasplasencia.org\/w\/vigilia-de-oracin-siria-la-paz-es-posible-14-de-marzo-de-2016\/<\/a><\/p>\n","protected":false},"excerpt":{"rendered":"<p>C\u00e1ritas Diocesana de Plasencia se uni\u00f3 en oraci\u00f3n por la Paz en Siria. Una acci\u00f3n que llevaron a cabo de forma conjunta, con diferentes actividades, todas las C\u00e1ritas Espa\u00f1olas el martes d\u00eda 14, al cumplirse seis a\u00f1os del inicio del conflicto b\u00e9lico en Siria.<\/p>\n","protected":false},"author":1,"featured_media":0,"comment_status":"closed","ping_status":"closed","sticky":false,"template":"","format":"standard","meta":{"footnotes":""},"categories":[28],"tags":[],"_links":{"self":[{"href":"https:\/\/diocesisplasencia.org\/hemeroteca\/wp-json\/wp\/v2\/posts\/4057"}],"collection":[{"href":"https:\/\/diocesisplasencia.org\/hemeroteca\/wp-json\/wp\/v2\/posts"}],"about":[{"href":"https:\/\/diocesisplasencia.org\/hemeroteca\/wp-json\/wp\/v2\/types\/post"}],"author":[{"embeddable":true,"href":"https:\/\/diocesisplasencia.org\/hemeroteca\/wp-json\/wp\/v2\/users\/1"}],"replies":[{"embeddable":true,"href":"https:\/\/diocesisplasencia.org\/hemeroteca\/wp-json\/wp\/v2\/comments?post=4057"}],"version-history":[{"count":0,"href":"https:\/\/diocesisplasencia.org\/hemeroteca\/wp-json\/wp\/v2\/posts\/4057\/revisions"}],"wp:attachment":[{"href":"https:\/\/diocesisplasencia.org\/hemeroteca\/wp-json\/wp\/v2\/media?parent=4057"}],"wp:term":[{"taxonomy":"category","embeddable":true,"href":"https:\/\/diocesisplasencia.org\/hemeroteca\/wp-json\/wp\/v2\/categories?post=4057"},{"taxonomy":"post_tag","embeddable":true,"href":"https:\/\/diocesisplasencia.org\/hemeroteca\/wp-json\/wp\/v2\/tags?post=4057"}],"curies":[{"name":"wp","href":"https:\/\/api.w.org\/{rel}","templated":true}]}}