{"id":4052,"date":"2017-03-16T12:02:00","date_gmt":"2017-03-16T11:02:00","guid":{"rendered":"http:\/\/www.diocesisplasencia.org\/w\/?p=4052"},"modified":"2017-03-16T12:02:00","modified_gmt":"2017-03-16T11:02:00","slug":"da-del-seminario","status":"publish","type":"post","link":"https:\/\/diocesisplasencia.org\/hemeroteca\/da-del-seminario\/","title":{"rendered":"D\u00eda del Seminario"},"content":{"rendered":"<p><a href=\"http:\/\/www.diocesisplasencia.org\/w\/wp-content\/uploads\/2015\/Da-del-Seminario_9DE4\/2017_Dia_Seminario_Cartel1.jpg\"><img fetchpriority=\"high\" decoding=\"async\" title=\"2017_Di\u0301a_Seminario_Cartel(1)\" style=\"border-left-width: 0px; border-right-width: 0px; background-image: none; border-bottom-width: 0px; padding-top: 0px; padding-left: 0px; display: inline; padding-right: 0px; border-top-width: 0px\" border=\"0\" alt=\"2017_Di\u0301a_Seminario_Cartel(1)\" src=\"http:\/\/www.diocesisplasencia.org\/w\/wp-content\/uploads\/2015\/Da-del-Seminario_9DE4\/2017_Dia_Seminario_Cartel1_thumb.jpg\" width=\"269\" height=\"381\"><\/a><\/p>\n<p>La Comisi\u00f3n Episcopal de Seminarios y Universidades celebra el D\u00eda del Seminario el 19 de marzo bajo el lema \u201cCerca de Dios y de los hermanos\u201d.<\/p>\n<p><!--more-->Esta jornada se celebra desde el a\u00f1o 1935 con el objetivo de suscitar vocaciones sacerdotales mediante la sensibilizaci\u00f3n, dirigida a toda la sociedad, y en particular a las comunidades cristianas. Como cada a\u00f1o entorno a la fiesta de San Jos\u00e9, nuestra di\u00f3cesis de Plasencia pone su mirada en el Seminario Diocesano para invitar a todas las comunidades a orar, colaborar econ\u00f3micamente y trabajar en la promoci\u00f3n de vocaciones a la vida sacerdotal. La campa\u00f1a puede realizarse el Domingo d\u00eda 19 o el 26 de marzo. <\/p>\n<p><a href=\"http:\/\/www.diocesisplasencia.org\/w\/wp-content\/uploads\/2015\/Da-del-Seminario_9DE4\/IMG-20170306-WA0006.jpg\"><img decoding=\"async\" title=\"IMG-20170306-WA0006\" style=\"border-left-width: 0px; border-right-width: 0px; background-image: none; border-bottom-width: 0px; padding-top: 0px; padding-left: 0px; display: inline; padding-right: 0px; border-top-width: 0px\" border=\"0\" alt=\"IMG-20170306-WA0006\" src=\"http:\/\/www.diocesisplasencia.org\/w\/wp-content\/uploads\/2015\/Da-del-Seminario_9DE4\/IMG-20170306-WA0006_thumb.jpg\" width=\"235\" height=\"330\"><\/a><\/p>\n<p>Este a\u00f1o, en el que se ha puesto en marcha el Plan Vocacional \u201cEs tiempo de bregar\u201d, la campa\u00f1a del D\u00eda del Seminario girar\u00e1 entorno a \u00e9l. \u201cUn plan de acci\u00f3n por el que estamos dispuestos a hacer tolo le que nos corresponda para colaborar con el Se\u00f1or, que ser\u00e1 quien llame y elija al sacerdocio a nuestros ni\u00f1os y j\u00f3venes. Queremos llegar a todas las comunidades y en ellas, al coraz\u00f3n de todos para animarles a valorar al sacerdote a pedirle al Se\u00f1or que llame tambi\u00e9n a los de nuestro pueblo o ciudad explicaba Roberto Hern\u00e1ndez, Rector del Seminario Diocesano. Adem\u00e1s de la oraci\u00f3n y promoci\u00f3n vocacional, la campa\u00f1a del D\u00eda del Seminario es tambi\u00e9n una oportunidad para colaborar econ\u00f3micamente con el sostenimiento de nuestro Seminario y la formaci\u00f3n de los seminaristas. En la actualidad, tres seminaristas cursan Estudios Eclesi\u00e1sticos en nuestro Instituto Teol\u00f3gico y uno en Bachillerato. Un signo de esperanza y tambi\u00e9n una urgencia \u201cbregar\u201d por las vocaciones, con los j\u00f3venes y ni\u00f1os de nuestras parroquias.<\/p>\n<p><a href=\"http:\/\/www.diocesisplasencia.org\/w\/wp-content\/uploads\/2015\/Da-del-Seminario_9DE4\/image.png\"><img decoding=\"async\" title=\"image\" style=\"border-left-width: 0px; border-right-width: 0px; background-image: none; border-bottom-width: 0px; padding-top: 0px; padding-left: 0px; margin: 0px; display: inline; padding-right: 0px; border-top-width: 0px\" border=\"0\" alt=\"image\" src=\"http:\/\/www.diocesisplasencia.org\/w\/wp-content\/uploads\/2015\/Da-del-Seminario_9DE4\/image_thumb.png\" width=\"178\" height=\"244\"><\/a><a href=\"http:\/\/www.diocesisplasencia.org\/w\/wp-content\/uploads\/2015\/Da-del-Seminario_9DE4\/image_3.png\"><img loading=\"lazy\" decoding=\"async\" title=\"image\" style=\"border-left-width: 0px; border-right-width: 0px; background-image: none; border-bottom-width: 0px; padding-top: 0px; padding-left: 0px; margin: 0px; display: inline; padding-right: 0px; border-top-width: 0px\" border=\"0\" alt=\"image\" src=\"http:\/\/www.diocesisplasencia.org\/w\/wp-content\/uploads\/2015\/Da-del-Seminario_9DE4\/image_thumb_3.png\" width=\"177\" height=\"244\"><\/a><\/p>\n<p>Conoce nuestro Seminario de cerca con el nuevo n\u00famero de la revista diocesana Iglesia en Plasencia que ya est\u00e1 en tu parroquia y en la Librer\u00eda Diocesana.<\/p>\n","protected":false},"excerpt":{"rendered":"<p>La Comisi\u00f3n Episcopal de Seminarios y Universidades celebra el D\u00eda del Seminario el 19 de marzo bajo el lema \u201cCerca de Dios y de los hermanos\u201d.<\/p>\n","protected":false},"author":1,"featured_media":0,"comment_status":"closed","ping_status":"closed","sticky":false,"template":"","format":"standard","meta":{"footnotes":""},"categories":[28],"tags":[],"_links":{"self":[{"href":"https:\/\/diocesisplasencia.org\/hemeroteca\/wp-json\/wp\/v2\/posts\/4052"}],"collection":[{"href":"https:\/\/diocesisplasencia.org\/hemeroteca\/wp-json\/wp\/v2\/posts"}],"about":[{"href":"https:\/\/diocesisplasencia.org\/hemeroteca\/wp-json\/wp\/v2\/types\/post"}],"author":[{"embeddable":true,"href":"https:\/\/diocesisplasencia.org\/hemeroteca\/wp-json\/wp\/v2\/users\/1"}],"replies":[{"embeddable":true,"href":"https:\/\/diocesisplasencia.org\/hemeroteca\/wp-json\/wp\/v2\/comments?post=4052"}],"version-history":[{"count":0,"href":"https:\/\/diocesisplasencia.org\/hemeroteca\/wp-json\/wp\/v2\/posts\/4052\/revisions"}],"wp:attachment":[{"href":"https:\/\/diocesisplasencia.org\/hemeroteca\/wp-json\/wp\/v2\/media?parent=4052"}],"wp:term":[{"taxonomy":"category","embeddable":true,"href":"https:\/\/diocesisplasencia.org\/hemeroteca\/wp-json\/wp\/v2\/categories?post=4052"},{"taxonomy":"post_tag","embeddable":true,"href":"https:\/\/diocesisplasencia.org\/hemeroteca\/wp-json\/wp\/v2\/tags?post=4052"}],"curies":[{"name":"wp","href":"https:\/\/api.w.org\/{rel}","templated":true}]}}