{"id":4010,"date":"2017-02-24T13:08:42","date_gmt":"2017-02-24T12:08:42","guid":{"rendered":"http:\/\/www.diocesisplasencia.org\/w\/?p=4010"},"modified":"2017-02-24T13:08:42","modified_gmt":"2017-02-24T12:08:42","slug":"da-del-misionero-extremeo-en-hervs","status":"publish","type":"post","link":"https:\/\/diocesisplasencia.org\/hemeroteca\/da-del-misionero-extremeo-en-hervs\/","title":{"rendered":"D\u00eda del Misionero Extreme\u00f1o en Herv\u00e1s"},"content":{"rendered":"<p><a href=\"http:\/\/www.diocesisplasencia.org\/w\/wp-content\/uploads\/2015\/Da-del-Misionero-Extremeo-en-Hervs_B858\/CARTEL-MISIONERO-EXTREMEO-2017b.jpg\"><img fetchpriority=\"high\" decoding=\"async\" title=\"CARTEL MISIONERO EXTREME&Ntilde;O 2017b\" style=\"border-left-width: 0px; border-right-width: 0px; background-image: none; border-bottom-width: 0px; padding-top: 0px; padding-left: 0px; display: inline; padding-right: 0px; border-top-width: 0px\" border=\"0\" alt=\"CARTEL MISIONERO EXTREME&Ntilde;O 2017b\" src=\"http:\/\/www.diocesisplasencia.org\/w\/wp-content\/uploads\/2015\/Da-del-Misionero-Extremeo-en-Hervs_B858\/CARTEL-MISIONERO-EXTREMEO-2017b_thumb.jpg\" width=\"440\" height=\"313\"><\/a><\/p>\n<p>La ermita del Cristo de la Salud de Herv\u00e1s acoge el s\u00e1bado cuatro de marzo la tradicional Peregrinaci\u00f3n Interdiocesana D\u00eda del Misionero Extreme\u00f1o. <\/p>\n<p><!--more--><\/p>\n<p><strong>Programa<\/strong>  <\/p>\n<p>\u2022 10-11 horas, acogida y desayuno. Testimonios misioneros: \u201cUna misi\u00f3n que llena de luz la vida del mundo\u201d.  <\/p>\n<p>\u2022 Trabajo en grupos para compartir la alegr\u00eda de anunciar el evangelio.  <\/p>\n<p>\u2022 Comida, caf\u00e9 y tiempo para la fiesta.  <\/p>\n<p>\u2022 Eucarist\u00eda y despedida a las 16.30 horas.  <\/p>\n<p>Los interesados en participar deben ponerse en contacto con la Delegaci\u00f3n Diocesana de Misiones, llamando al tel\u00e9fono del Obispado 927 41 16 12, preguntar por Ovidio o Maite.<\/p>\n","protected":false},"excerpt":{"rendered":"<p>La ermita del Cristo de la Salud de Herv\u00e1s acoge el s\u00e1bado cuatro de marzo la tradicional Peregrinaci\u00f3n Interdiocesana D\u00eda del Misionero Extreme\u00f1o.<\/p>\n","protected":false},"author":1,"featured_media":0,"comment_status":"closed","ping_status":"closed","sticky":false,"template":"","format":"standard","meta":{"footnotes":""},"categories":[28],"tags":[],"_links":{"self":[{"href":"https:\/\/diocesisplasencia.org\/hemeroteca\/wp-json\/wp\/v2\/posts\/4010"}],"collection":[{"href":"https:\/\/diocesisplasencia.org\/hemeroteca\/wp-json\/wp\/v2\/posts"}],"about":[{"href":"https:\/\/diocesisplasencia.org\/hemeroteca\/wp-json\/wp\/v2\/types\/post"}],"author":[{"embeddable":true,"href":"https:\/\/diocesisplasencia.org\/hemeroteca\/wp-json\/wp\/v2\/users\/1"}],"replies":[{"embeddable":true,"href":"https:\/\/diocesisplasencia.org\/hemeroteca\/wp-json\/wp\/v2\/comments?post=4010"}],"version-history":[{"count":0,"href":"https:\/\/diocesisplasencia.org\/hemeroteca\/wp-json\/wp\/v2\/posts\/4010\/revisions"}],"wp:attachment":[{"href":"https:\/\/diocesisplasencia.org\/hemeroteca\/wp-json\/wp\/v2\/media?parent=4010"}],"wp:term":[{"taxonomy":"category","embeddable":true,"href":"https:\/\/diocesisplasencia.org\/hemeroteca\/wp-json\/wp\/v2\/categories?post=4010"},{"taxonomy":"post_tag","embeddable":true,"href":"https:\/\/diocesisplasencia.org\/hemeroteca\/wp-json\/wp\/v2\/tags?post=4010"}],"curies":[{"name":"wp","href":"https:\/\/api.w.org\/{rel}","templated":true}]}}