{"id":3951,"date":"2017-01-26T11:08:00","date_gmt":"2017-01-26T10:08:00","guid":{"rendered":"http:\/\/www.diocesisplasencia.org\/w\/?p=3951"},"modified":"2017-01-26T11:08:00","modified_gmt":"2017-01-26T10:08:00","slug":"celebracin-de-santo-toms-de-aquino-en-el-seminario","status":"publish","type":"post","link":"https:\/\/diocesisplasencia.org\/hemeroteca\/celebracin-de-santo-toms-de-aquino-en-el-seminario\/","title":{"rendered":"Celebraci\u00f3n de Santo Tom\u00e1s de Aquino en el Seminario"},"content":{"rendered":"<p><a href=\"http:\/\/www.hoy.es\/plasencia\/201701\/26\/celebracion-santo-tomas-aquino-20170126001853-v.html\" target=\"_blank\" rel=\"noopener noreferrer\">DIARIO HOY 26-01-17<\/a><\/p>\n<p>Hoy jueves tendr\u00e1 lugar un acto acad\u00e9mico en el Seminario Diocesano con el que se celebrar\u00e1 Santo Tom\u00e1s de Aquino, que est\u00e1 organizado por el Instituto Teol\u00f3gico y abierto a todo el p\u00fablico. A las siete el administrador diocesano, Francisco Rico, presidir\u00e1 una eucarist\u00eda y a las ocho el delegado diocesano de Catequesis e Infancia, Ismael Pastor, pronunciar\u00e1 una conferencia titulada &#8216;Acercamiento catequ\u00e9tico a las ilustraciones de la nueva edici\u00f3n del Misal Romano&#8217;.<\/p>\n","protected":false},"excerpt":{"rendered":"<p>DIARIO HOY 26-01-17 Hoy jueves tendr\u00e1 lugar un acto acad\u00e9mico en el Seminario Diocesano con el que se celebrar\u00e1 Santo Tom\u00e1s de Aquino, que est\u00e1 organizado por el Instituto Teol\u00f3gico y abierto a todo el p\u00fablico. A las siete el administrador diocesano, Francisco Rico, presidir\u00e1&#8230;<\/p>\n","protected":false},"author":1,"featured_media":0,"comment_status":"closed","ping_status":"closed","sticky":false,"template":"","format":"standard","meta":{"footnotes":""},"categories":[40],"tags":[],"_links":{"self":[{"href":"https:\/\/diocesisplasencia.org\/hemeroteca\/wp-json\/wp\/v2\/posts\/3951"}],"collection":[{"href":"https:\/\/diocesisplasencia.org\/hemeroteca\/wp-json\/wp\/v2\/posts"}],"about":[{"href":"https:\/\/diocesisplasencia.org\/hemeroteca\/wp-json\/wp\/v2\/types\/post"}],"author":[{"embeddable":true,"href":"https:\/\/diocesisplasencia.org\/hemeroteca\/wp-json\/wp\/v2\/users\/1"}],"replies":[{"embeddable":true,"href":"https:\/\/diocesisplasencia.org\/hemeroteca\/wp-json\/wp\/v2\/comments?post=3951"}],"version-history":[{"count":0,"href":"https:\/\/diocesisplasencia.org\/hemeroteca\/wp-json\/wp\/v2\/posts\/3951\/revisions"}],"wp:attachment":[{"href":"https:\/\/diocesisplasencia.org\/hemeroteca\/wp-json\/wp\/v2\/media?parent=3951"}],"wp:term":[{"taxonomy":"category","embeddable":true,"href":"https:\/\/diocesisplasencia.org\/hemeroteca\/wp-json\/wp\/v2\/categories?post=3951"},{"taxonomy":"post_tag","embeddable":true,"href":"https:\/\/diocesisplasencia.org\/hemeroteca\/wp-json\/wp\/v2\/tags?post=3951"}],"curies":[{"name":"wp","href":"https:\/\/api.w.org\/{rel}","templated":true}]}}