{"id":3910,"date":"2016-12-22T09:53:00","date_gmt":"2016-12-22T08:53:00","guid":{"rendered":"http:\/\/www.diocesisplasencia.org\/w\/?p=3910"},"modified":"2016-12-22T09:53:00","modified_gmt":"2016-12-22T08:53:00","slug":"alertan-del-peligro-de-restar-importancia-al-consumo-de-alcohol-en-los-menores","status":"publish","type":"post","link":"https:\/\/diocesisplasencia.org\/hemeroteca\/alertan-del-peligro-de-restar-importancia-al-consumo-de-alcohol-en-los-menores\/","title":{"rendered":"Alertan del peligro de restar importancia al consumo de alcohol en los menores"},"content":{"rendered":"<p><a href=\"http:\/\/www.elperiodicoextremadura.com\/noticias\/plasencia\/alertan-peligro-restar-importancia-consumo-alcohol-menores_986106.html\" target=\"_blank\" rel=\"noopener noreferrer\">EL PERI\u00d3DICO EXTREMADURA 22-12-16<\/a><\/p>\n<p>La directora de Proyecto Hombre en Extremadura, Sonia Eleno, ha alertado del peligro que supone el hecho de banalizar el consumo de alcohol y drogas en edades tempranas, \u00abya que esta es la puerta de entrada hacia el desarrollo de futuras adicciones\u00bb.<\/p>\n<p><!--more--><\/p>\n<p><p>Seg\u00fan ha informado Efe, tras subrayar que el problema de la droga \u00abexiste y es real\u00bb, Eleno ha presentado un avance de la memoria de actividades de este a\u00f1o, en que Proyecto Hombre ha atendido a un total de 262 usuarios y sus familias, 33 m\u00e1s que en 2015.De estos, 111 personas han sido atendidas en la fase de acogida en Plasencia, Coria y C\u00e1ceres; 64 usuarios han pasado a la comunidad terap\u00e9utica Santa B\u00e1rbara y 26 han participado en la fase de reinserci\u00f3n en Plasencia y en C\u00e1ceres. Asimismo, se han atendido a 23 usuarios en el programa ambulatorio Quercus; se han certificado 21 altas terap\u00e9uticas y se ha atendido a 7 j\u00f3venes menores infractores con conductas adictivas. <\/p>\n<p>Para colaborar econ\u00f3micamente en este proyecto, ma\u00f1ana se llevar\u00e1 a cabo el marat\u00f3n radiof\u00f3nico de la cadena Ser, entre las ocho de la ma\u00f1ana y las ocho de la tarde. El consiliario de Proyecto Hombre, Antonio Cano, ha animado a los ciudadanos de la di\u00f3cesis a colaborar. La recaudaci\u00f3n permite a las di\u00f3cesis de Plasencia y Coria-C\u00e1ceres, patronas ambas de Proyecto Hombre, luchar contra la droga durante el resto del a\u00f1o.<\/p>\n","protected":false},"excerpt":{"rendered":"<p>EL PERI\u00d3DICO EXTREMADURA 22-12-16 La directora de Proyecto Hombre en Extremadura, Sonia Eleno, ha alertado del peligro que supone el hecho de banalizar el consumo de alcohol y drogas en edades tempranas, \u00abya que esta es la puerta de entrada hacia el desarrollo de futuras&#8230;<\/p>\n","protected":false},"author":1,"featured_media":0,"comment_status":"closed","ping_status":"closed","sticky":false,"template":"","format":"standard","meta":{"footnotes":""},"categories":[39],"tags":[],"_links":{"self":[{"href":"https:\/\/diocesisplasencia.org\/hemeroteca\/wp-json\/wp\/v2\/posts\/3910"}],"collection":[{"href":"https:\/\/diocesisplasencia.org\/hemeroteca\/wp-json\/wp\/v2\/posts"}],"about":[{"href":"https:\/\/diocesisplasencia.org\/hemeroteca\/wp-json\/wp\/v2\/types\/post"}],"author":[{"embeddable":true,"href":"https:\/\/diocesisplasencia.org\/hemeroteca\/wp-json\/wp\/v2\/users\/1"}],"replies":[{"embeddable":true,"href":"https:\/\/diocesisplasencia.org\/hemeroteca\/wp-json\/wp\/v2\/comments?post=3910"}],"version-history":[{"count":0,"href":"https:\/\/diocesisplasencia.org\/hemeroteca\/wp-json\/wp\/v2\/posts\/3910\/revisions"}],"wp:attachment":[{"href":"https:\/\/diocesisplasencia.org\/hemeroteca\/wp-json\/wp\/v2\/media?parent=3910"}],"wp:term":[{"taxonomy":"category","embeddable":true,"href":"https:\/\/diocesisplasencia.org\/hemeroteca\/wp-json\/wp\/v2\/categories?post=3910"},{"taxonomy":"post_tag","embeddable":true,"href":"https:\/\/diocesisplasencia.org\/hemeroteca\/wp-json\/wp\/v2\/tags?post=3910"}],"curies":[{"name":"wp","href":"https:\/\/api.w.org\/{rel}","templated":true}]}}