{"id":3877,"date":"2016-12-15T11:14:19","date_gmt":"2016-12-15T10:14:19","guid":{"rendered":"http:\/\/www.diocesisplasencia.org\/w\/?p=3877"},"modified":"2016-12-15T11:14:19","modified_gmt":"2016-12-15T10:14:19","slug":"misiones-te-invita-a-sembrar-estrellas-este-sbado","status":"publish","type":"post","link":"https:\/\/diocesisplasencia.org\/hemeroteca\/misiones-te-invita-a-sembrar-estrellas-este-sbado\/","title":{"rendered":"Misiones te invita a \u201csembrar\u201d estrellas este s\u00e1bado"},"content":{"rendered":"<p><a href=\"http:\/\/www.diocesisplasencia.org\/w\/wp-content\/uploads\/2015\/320ad97651e8_9CE5\/Sin-ttulo-1.jpg\"><img fetchpriority=\"high\" decoding=\"async\" title=\"Sin t&iacute;tulo-1\" style=\"border-left-width: 0px; border-right-width: 0px; background-image: none; border-bottom-width: 0px; padding-top: 0px; padding-left: 0px; display: inline; padding-right: 0px; border-top-width: 0px\" border=\"0\" alt=\"Sin t&iacute;tulo-1\" src=\"http:\/\/www.diocesisplasencia.org\/w\/wp-content\/uploads\/2015\/320ad97651e8_9CE5\/Sin-ttulo-1_thumb.jpg\" width=\"441\" height=\"332\"><\/a><\/p>\n<p>Seguimos prepar\u00e1ndonos para recibir a Jes\u00fas en nuestra vida y en nuestros corazones.<\/p>\n<p><!--more-->Y como la Navidad est\u00e1 cerca los <a href=\"https:\/\/www.facebook.com\/hashtag\/sembradoresdeestrellas?source=feed_text&amp;story_id=219227091857115\">#SembradoresdeEstrellas<\/a> est\u00e1n dispuestos a llenar las calles de nuestras ciudades de estrellas que con el mensaje \u00abJes\u00fas nace para todos\u00bb anuncian la Navidad .  <\/p>\n<p>En Plasencia la celebraci\u00f3n y el env\u00edo tendr\u00e1 lugar este s\u00e1bado d\u00eda 17 de diciembre a las 11.00 horas. \u00a1Os esperamos!.  <\/p>\n<p>&nbsp;<a href=\"http:\/\/www.infanciamisionera.es\/p\/sembradores-estrellas.html\">http:\/\/www.infanciamisionera.es\/p\/sembradores-estrellas.html<\/a><\/p>\n","protected":false},"excerpt":{"rendered":"<p>Seguimos prepar\u00e1ndonos para recibir a Jes\u00fas en nuestra vida y en nuestros corazones.<\/p>\n","protected":false},"author":1,"featured_media":0,"comment_status":"closed","ping_status":"closed","sticky":false,"template":"","format":"standard","meta":{"footnotes":""},"categories":[23],"tags":[],"_links":{"self":[{"href":"https:\/\/diocesisplasencia.org\/hemeroteca\/wp-json\/wp\/v2\/posts\/3877"}],"collection":[{"href":"https:\/\/diocesisplasencia.org\/hemeroteca\/wp-json\/wp\/v2\/posts"}],"about":[{"href":"https:\/\/diocesisplasencia.org\/hemeroteca\/wp-json\/wp\/v2\/types\/post"}],"author":[{"embeddable":true,"href":"https:\/\/diocesisplasencia.org\/hemeroteca\/wp-json\/wp\/v2\/users\/1"}],"replies":[{"embeddable":true,"href":"https:\/\/diocesisplasencia.org\/hemeroteca\/wp-json\/wp\/v2\/comments?post=3877"}],"version-history":[{"count":0,"href":"https:\/\/diocesisplasencia.org\/hemeroteca\/wp-json\/wp\/v2\/posts\/3877\/revisions"}],"wp:attachment":[{"href":"https:\/\/diocesisplasencia.org\/hemeroteca\/wp-json\/wp\/v2\/media?parent=3877"}],"wp:term":[{"taxonomy":"category","embeddable":true,"href":"https:\/\/diocesisplasencia.org\/hemeroteca\/wp-json\/wp\/v2\/categories?post=3877"},{"taxonomy":"post_tag","embeddable":true,"href":"https:\/\/diocesisplasencia.org\/hemeroteca\/wp-json\/wp\/v2\/tags?post=3877"}],"curies":[{"name":"wp","href":"https:\/\/api.w.org\/{rel}","templated":true}]}}