{"id":3806,"date":"2016-11-02T16:03:00","date_gmt":"2016-11-02T15:03:00","guid":{"rendered":"http:\/\/www.diocesisplasencia.org\/w\/?p=3806"},"modified":"2016-11-02T16:03:00","modified_gmt":"2016-11-02T15:03:00","slug":"medio-ao-de-sede-vacante","status":"publish","type":"post","link":"https:\/\/diocesisplasencia.org\/hemeroteca\/medio-ao-de-sede-vacante\/","title":{"rendered":"Medio a\u00f1o de sede vacante"},"content":{"rendered":"<p>DIARIO HOY 02-11-16<\/p>\n<p>La di\u00f3cesis de Plasencia cumple este noviembre seis meses sin obispo, medio a\u00f1o desde que Amadeo Rodr\u00edguez Magro tomara posesi\u00f3n como nuevo prelado de Ja\u00e9n y dejara su anterior destino en un estado de transici\u00f3n que en t\u00e9rminos eclesi\u00e1sticos se conoce como sede vacante.<\/p>\n<p><!--more--><\/p>\n<p><p>El Obispado de Plasencia, que desde finales de mayo tiene como administrador diocesano al sacerdote Francisco Rico, es consciente de la incertidumbre y ha querido arrojar algo de luz de cara a la que, seg\u00fan afirma, es \u00abla pregunta m\u00e1s frecuentemente repetida en los ambientes eclesiales y sociales de nuestra di\u00f3cesis\u00bb. Reconoce que \u00abextra\u00f1a la demora de los meses que llevamos de sede vacante\u00bb, y ha aprovechado el \u00faltimo n\u00famero de su revista quincenal &#8216;Iglesia en Plasencia&#8217; para, al menos, explicar con detalle el proceso para la elecci\u00f3n del obispo, el cual califica de \u00ablargo y complejo\u00bb. <\/p>\n<p> El C\u00f3digo de Derecho Can\u00f3nico en vigor, que es el promulgado en 1983, deja claro que el Papa es el m\u00e1ximo elector de los obispos cat\u00f3licos, aunque en la pr\u00e1ctica su labor se limita casi siempre a dar el visto bueno a la designaci\u00f3n llevada a cabo por las instituciones involucradas, que en el caso de Plasencia son la Conferencia Episcopal espa\u00f1ola, la Nunciatura Apost\u00f3lica y la Congregaci\u00f3n para los Obispos de Roma. <\/p>\n<p>Han salido nombres como el de Gil Tamayo, pero el proceso es opaco y al final quien ratifica es el Papa La Nunciatura consulta a unas 20 personas del entorno de cada uno de los candidatos de la terna <\/p>\n<p><strong>Primeros contactos<br \/><\/strong>Corresponde a la Nunciatura poner en marcha el proceso de selecci\u00f3n cada vez que una di\u00f3cesis queda en sede vacante. Lo primero es iniciar los contactos con la Conferencia Episcopal y con los miembros de la iglesia en la di\u00f3cesis de la que se trate, unas conversaciones de las que sale, bajo secreto, una primera lista de presb\u00edteros. De ellos son seleccionados los que compondr\u00e1n la denominada &#8216;terna&#8217;, que ser\u00edan algo as\u00ed como los tres finalistas fruto de un proceso en el que se recaban sugerencias tanto de miembros de la Iglesia cercanos a la di\u00f3cesis como a nivel nacional. Sobre estos tres elegidos, que pueden ser tanto sacerdotes como obispos de otras di\u00f3cesis, se lleva a cabo un \u00abescrutinio\u00bb, consultando a unas 20 personas cercanas a ellos. <\/p>\n<p>El Obispado placentino se\u00f1ala adem\u00e1s que el C\u00f3digo de Derecho Can\u00f3nico establece una serie de requisitos que debe cumplir el candidato a obispo. Algunas de ellas son un tanto vagas, como que ha de ser \u00abinsigne por la firmeza de la fe, de buenas costumbres, piedad, celo por las almas, sabidur\u00eda, prudencia y virtudes humanas, y dotado de las dem\u00e1s cualidades que le hacen apto para ejercer el oficio de que se trata\u00bb. Otras son m\u00e1s concretas, como que debe tener como m\u00ednimo 35 a\u00f1os, haber sido ordenado presb\u00edtero hace al menos cinco a\u00f1os y ser doctor o licenciado en Sagrada Escritura, Teolog\u00eda o Derecho Can\u00f3nico por un instituto de estudios superiores aprobado por la Sede Apost\u00f3lica, o al menos \u00abverdaderamente experto en estas disciplinas\u00bb. <\/p>\n<p>La terna definitiva, una vez consensuada, es enviada por el nuncio a la Congregaci\u00f3n de los Obispos de Roma, una instituci\u00f3n creada en 1588 por Sixto V, que se encargar\u00e1 de analizar a los tres candidatos y seleccionar a uno de ellos. El elegido debe ser certificado finalmente por el Papa. Es entonces cuando se le comunica la decisi\u00f3n al nuevo obispo electo, que tiene derecho a aceptar o rechazar el nombramiento. Si lo acepta, hay un plazo de tres meses para llevar a cabo la consagraci\u00f3n episcopal. Antes de tomar posesi\u00f3n del cargo, se considera \u00abfundamental\u00bb que el nuevo obispo lleve a cabo una toma de contacto previa con el lugar de destino desde un \u00abtiempo prudencial\u00bb con el objetivo de que conozca mejor los \u00abproblemas y circunstancias\u00bb de la di\u00f3cesis de la que se hace cargo.  <\/p>\n<p>El Obispado de Plasencia se\u00f1ala que este \u00ablargo y complejo proceso\u00bb suele comenzar en las di\u00f3cesis importantes mucho antes de la presentaci\u00f3n de la renuncia por jubilaci\u00f3n del obispo dimisionario, con el prop\u00f3sito de que cuando se notifica esa renuncia se pueda anunciar de manera inmediata el nombre del sustituto. El Obispado se pregunta incluso si \u00abser\u00eda bueno que tambi\u00e9n se extendiera esa tradici\u00f3n a las di\u00f3cesis peque\u00f1as\u00bb. <\/p>\n<p>El secretismo del proceso es tal que ni siquiera se sabe en qu\u00e9 momento del mismo se encuentra la elecci\u00f3n del nuevo obispo de Plasencia, ya que el procedimiento no maneja plazos ni fechas concretas, ni tampoco hay un tiempo m\u00e1ximo durante el que una di\u00f3cesis puede permanecer en sede vacante. <\/p>\n<p><strong>Posibles candidatos<br \/><\/strong>Como es norma habitual en el nombramiento de los nuevos obispos, no han trascendido nombres de candidatos a ocupar la vacante de Plasencia que hayan podido ser incluidos en la lista inicial de presb\u00edteros, ni mucho menos en la terna final que debe enviarse a Roma. En c\u00edrculos cat\u00f3licos de la ciudad se han mencionado algunos nombres, entre ellos, y sobre todo, el de Jos\u00e9 Mar\u00eda Gil Tamayo, sacerdote extreme\u00f1o que actualmente ocupa el cargo de secretario general de la Conferencia Episcopal. <\/p>\n<p>Gil Tamayo estuvo en Plasencia a mediados de mayo, justo en los d\u00edas previos a la marcha de Amadeo Rodr\u00edguez, y al ser preguntado por los periodistas sobre la posibilidad de convertirse en obispo de Plasencia respondi\u00f3 con un protocolario \u00abestar\u00e9 donde la Iglesia diga\u00bb.<\/p>\n","protected":false},"excerpt":{"rendered":"<p>DIARIO HOY 02-11-16 La di\u00f3cesis de Plasencia cumple este noviembre seis meses sin obispo, medio a\u00f1o desde que Amadeo Rodr\u00edguez Magro tomara posesi\u00f3n como nuevo prelado de Ja\u00e9n y dejara su anterior destino en un estado de transici\u00f3n que en t\u00e9rminos eclesi\u00e1sticos se conoce como&#8230;<\/p>\n","protected":false},"author":1,"featured_media":0,"comment_status":"closed","ping_status":"closed","sticky":false,"template":"","format":"standard","meta":{"footnotes":""},"categories":[39],"tags":[],"_links":{"self":[{"href":"https:\/\/diocesisplasencia.org\/hemeroteca\/wp-json\/wp\/v2\/posts\/3806"}],"collection":[{"href":"https:\/\/diocesisplasencia.org\/hemeroteca\/wp-json\/wp\/v2\/posts"}],"about":[{"href":"https:\/\/diocesisplasencia.org\/hemeroteca\/wp-json\/wp\/v2\/types\/post"}],"author":[{"embeddable":true,"href":"https:\/\/diocesisplasencia.org\/hemeroteca\/wp-json\/wp\/v2\/users\/1"}],"replies":[{"embeddable":true,"href":"https:\/\/diocesisplasencia.org\/hemeroteca\/wp-json\/wp\/v2\/comments?post=3806"}],"version-history":[{"count":0,"href":"https:\/\/diocesisplasencia.org\/hemeroteca\/wp-json\/wp\/v2\/posts\/3806\/revisions"}],"wp:attachment":[{"href":"https:\/\/diocesisplasencia.org\/hemeroteca\/wp-json\/wp\/v2\/media?parent=3806"}],"wp:term":[{"taxonomy":"category","embeddable":true,"href":"https:\/\/diocesisplasencia.org\/hemeroteca\/wp-json\/wp\/v2\/categories?post=3806"},{"taxonomy":"post_tag","embeddable":true,"href":"https:\/\/diocesisplasencia.org\/hemeroteca\/wp-json\/wp\/v2\/tags?post=3806"}],"curies":[{"name":"wp","href":"https:\/\/api.w.org\/{rel}","templated":true}]}}