{"id":3777,"date":"2016-10-04T08:24:00","date_gmt":"2016-10-04T07:24:00","guid":{"rendered":"http:\/\/www.diocesisplasencia.org\/w\/?p=3777"},"modified":"2016-10-04T08:24:00","modified_gmt":"2016-10-04T07:24:00","slug":"baloncesto-a-beneficio-de-proyecto-hombre","status":"publish","type":"post","link":"https:\/\/diocesisplasencia.org\/hemeroteca\/baloncesto-a-beneficio-de-proyecto-hombre\/","title":{"rendered":"Baloncesto, a beneficio de Proyecto Hombre"},"content":{"rendered":"<p><a href=\"http:\/\/www.elperiodicoextremadura.com\/noticias\/plasencia\/baloncesto-beneficio-proyecto-hombre_965951.html\" target=\"_blank\" rel=\"noopener noreferrer\">EL PERI\u00d3DICO EXTREMADURA 04-10-16<\/a><\/p>\n<p>Cuatro equipos placentinos, el C. B. \u00c1tico Las Jaras, C. B. Nardeiros, Adepla Basket y A. D. Ciudad del Xerte, disputar\u00e1n el pr\u00f3ximo s\u00e1bado la III Copa Concejal\u00eda de Deportes de Baloncesto. Las entradas cuestan 3 euros y lo recaudado se destinar\u00e1 a la fundaci\u00f3n de Proyecto Hombre, que trabaja con drogodependientes.<\/p>\n<p><!--more--><\/p>\n<p><p>Los partidos comenzar\u00e1n a las seis de la tarde, con semifinales entre \u00c1tico Las Jaras y Nardeiros y Adepla contra Ciudad del Xerte. La final est\u00e1 prevista a las diez de la noche y antes habr\u00e1 un concurso de triples abierto a todo el mundo. Entradas en los clubes, el gimnasio de la ciudad deportiva y Proyecto Hombre. H<\/p>\n","protected":false},"excerpt":{"rendered":"<p>EL PERI\u00d3DICO EXTREMADURA 04-10-16 Cuatro equipos placentinos, el C. B. \u00c1tico Las Jaras, C. B. Nardeiros, Adepla Basket y A. D. Ciudad del Xerte, disputar\u00e1n el pr\u00f3ximo s\u00e1bado la III Copa Concejal\u00eda de Deportes de Baloncesto. Las entradas cuestan 3 euros y lo recaudado se&#8230;<\/p>\n","protected":false},"author":1,"featured_media":0,"comment_status":"closed","ping_status":"closed","sticky":false,"template":"","format":"standard","meta":{"footnotes":""},"categories":[39],"tags":[],"_links":{"self":[{"href":"https:\/\/diocesisplasencia.org\/hemeroteca\/wp-json\/wp\/v2\/posts\/3777"}],"collection":[{"href":"https:\/\/diocesisplasencia.org\/hemeroteca\/wp-json\/wp\/v2\/posts"}],"about":[{"href":"https:\/\/diocesisplasencia.org\/hemeroteca\/wp-json\/wp\/v2\/types\/post"}],"author":[{"embeddable":true,"href":"https:\/\/diocesisplasencia.org\/hemeroteca\/wp-json\/wp\/v2\/users\/1"}],"replies":[{"embeddable":true,"href":"https:\/\/diocesisplasencia.org\/hemeroteca\/wp-json\/wp\/v2\/comments?post=3777"}],"version-history":[{"count":0,"href":"https:\/\/diocesisplasencia.org\/hemeroteca\/wp-json\/wp\/v2\/posts\/3777\/revisions"}],"wp:attachment":[{"href":"https:\/\/diocesisplasencia.org\/hemeroteca\/wp-json\/wp\/v2\/media?parent=3777"}],"wp:term":[{"taxonomy":"category","embeddable":true,"href":"https:\/\/diocesisplasencia.org\/hemeroteca\/wp-json\/wp\/v2\/categories?post=3777"},{"taxonomy":"post_tag","embeddable":true,"href":"https:\/\/diocesisplasencia.org\/hemeroteca\/wp-json\/wp\/v2\/tags?post=3777"}],"curies":[{"name":"wp","href":"https:\/\/api.w.org\/{rel}","templated":true}]}}