{"id":3747,"date":"2016-09-21T11:00:00","date_gmt":"2016-09-21T10:00:00","guid":{"rendered":"http:\/\/www.diocesisplasencia.org\/w\/?p=3747"},"modified":"2016-09-21T11:00:00","modified_gmt":"2016-09-21T10:00:00","slug":"peregrinacin-interdiocesana-a-guadalupe","status":"publish","type":"post","link":"https:\/\/diocesisplasencia.org\/hemeroteca\/peregrinacin-interdiocesana-a-guadalupe\/","title":{"rendered":"Peregrinaci\u00f3n interdiocesana a Guadalupe"},"content":{"rendered":"<p><a href=\"http:\/\/www.diocesisplasencia.org\/w\/wp-content\/uploads\/2015\/2fff356f29fa_ADC1\/Cartel-Peregrinacin-a-Guadalupe-definitivo.jpg\"><img fetchpriority=\"high\" decoding=\"async\" title=\"Cartel Peregrinaci&oacute;n a Guadalupe definitivo\" style=\"border-left-width: 0px; border-right-width: 0px; background-image: none; border-bottom-width: 0px; padding-top: 0px; padding-left: 0px; display: inline; padding-right: 0px; border-top-width: 0px\" border=\"0\" alt=\"Cartel Peregrinaci&oacute;n a Guadalupe definitivo\" src=\"http:\/\/www.diocesisplasencia.org\/w\/wp-content\/uploads\/2015\/2fff356f29fa_ADC1\/Cartel-Peregrinacin-a-Guadalupe-definitivo_thumb.jpg\" width=\"329\" height=\"460\"><\/a><\/p>\n<p>Durante este A\u00f1o Santo Guadalupense se han llevado a cabo diferentes peregrinaciones a la Casa de Santa Mar\u00eda de Guadalupe. Primero fueron los j\u00f3venes a finales del mes de abril y los sacerdotes de las tres di\u00f3cesis extreme\u00f1as lo hicieron en mayo, honrando tambi\u00e9n a su patr\u00f3n San Juan de \u00c1vila. <\/p>\n<p><!--more--><\/p>\n<p>El <strong>primer s\u00e1bado de octubre, d\u00eda 1,<\/strong> las tres di\u00f3cesis peregrinar\u00e1n a Guadalupe, cita a la que est\u00e1n llamados todos los extreme\u00f1os para honrar a la patrona de Extremadura y ganar las indulgencias jubilares.<\/p>\n<p>Un d\u00eda de oraci\u00f3n y fraternidad junto a la Madre en el que se llevar\u00e1n a cabo las siguientes actividades:<\/p>\n<p>10.00 horas, llegada de los peregrinos.<\/p>\n<p>11.00 horas, acogida y oraci\u00f3n.<\/p>\n<p>12.00 horas, Eucarist\u00eda.<\/p>\n<p>16.00 horas, Acto Mariano.<\/p>\n","protected":false},"excerpt":{"rendered":"<p>Durante este A\u00f1o Santo Guadalupense se han llevado a cabo diferentes peregrinaciones a la Casa de Santa Mar\u00eda de Guadalupe. Primero fueron los j\u00f3venes a finales del mes de abril y los sacerdotes de las tres di\u00f3cesis extreme\u00f1as lo hicieron en mayo, honrando tambi\u00e9n a&#8230;<\/p>\n","protected":false},"author":1,"featured_media":0,"comment_status":"closed","ping_status":"closed","sticky":false,"template":"","format":"standard","meta":{"footnotes":""},"categories":[23],"tags":[],"_links":{"self":[{"href":"https:\/\/diocesisplasencia.org\/hemeroteca\/wp-json\/wp\/v2\/posts\/3747"}],"collection":[{"href":"https:\/\/diocesisplasencia.org\/hemeroteca\/wp-json\/wp\/v2\/posts"}],"about":[{"href":"https:\/\/diocesisplasencia.org\/hemeroteca\/wp-json\/wp\/v2\/types\/post"}],"author":[{"embeddable":true,"href":"https:\/\/diocesisplasencia.org\/hemeroteca\/wp-json\/wp\/v2\/users\/1"}],"replies":[{"embeddable":true,"href":"https:\/\/diocesisplasencia.org\/hemeroteca\/wp-json\/wp\/v2\/comments?post=3747"}],"version-history":[{"count":0,"href":"https:\/\/diocesisplasencia.org\/hemeroteca\/wp-json\/wp\/v2\/posts\/3747\/revisions"}],"wp:attachment":[{"href":"https:\/\/diocesisplasencia.org\/hemeroteca\/wp-json\/wp\/v2\/media?parent=3747"}],"wp:term":[{"taxonomy":"category","embeddable":true,"href":"https:\/\/diocesisplasencia.org\/hemeroteca\/wp-json\/wp\/v2\/categories?post=3747"},{"taxonomy":"post_tag","embeddable":true,"href":"https:\/\/diocesisplasencia.org\/hemeroteca\/wp-json\/wp\/v2\/tags?post=3747"}],"curies":[{"name":"wp","href":"https:\/\/api.w.org\/{rel}","templated":true}]}}