{"id":3698,"date":"2016-07-25T10:05:47","date_gmt":"2016-07-25T09:05:47","guid":{"rendered":"http:\/\/www.diocesisplasencia.org\/w\/?p=3698"},"modified":"2016-07-25T10:05:47","modified_gmt":"2016-07-25T09:05:47","slug":"cerca-de-un-centenar-de-jvenes-extremeos-en-cracovia-2","status":"publish","type":"post","link":"https:\/\/diocesisplasencia.org\/hemeroteca\/cerca-de-un-centenar-de-jvenes-extremeos-en-cracovia-2\/","title":{"rendered":"Cerca de un centenar de j\u00f3venes extreme\u00f1os en Cracovia"},"content":{"rendered":"<p><a href=\"http:\/\/www.diocesisplasencia.org\/w\/wp-content\/uploads\/2015\/Cerca-de-un-centenar-de-jvenes-extremeos_9B55\/cracovia-jmj.jpg\"><img fetchpriority=\"high\" decoding=\"async\" title=\"cracovia-jmj\" style=\"border-left-width: 0px; border-right-width: 0px; background-image: none; border-bottom-width: 0px; padding-top: 0px; padding-left: 0px; display: inline; padding-right: 0px; border-top-width: 0px\" border=\"0\" alt=\"cracovia-jmj\" src=\"http:\/\/www.diocesisplasencia.org\/w\/wp-content\/uploads\/2015\/Cerca-de-un-centenar-de-jvenes-extremeos_9B55\/cracovia-jmj_thumb.jpg\" width=\"460\" height=\"175\"><\/a>  <\/p>\n<p>Del 26 al 31 de julio Cracovia (Polonia) acoge las Jornadas Mundiales de la Juventud que congregar\u00e1 a millares de j\u00f3venes llegados de todos los puntos del mundo y que contar\u00e1 con la presencia del Papa Francisco, desde el d\u00eda 28 de julio.<\/p>\n<p><!--more--><\/p>\n<p>Desde las Delegaciones episcopales para la Juventud de la Provincia Eclesi\u00e1stica de M\u00e9rida-Badajoz han confirmado la participaci\u00f3n de <b>cerca de un centenar de j\u00f3venes de las tres di\u00f3cesis extreme\u00f1as<\/b> (Coria-C\u00e1ceres, Plasencia y M\u00e9rida-Badajoz), algunos de los cuales ya est\u00e1n participando en los d\u00edas previos a la JMJ, los DED (D\u00edas en las Di\u00f3cesis), otros partir\u00e1n en las pr\u00f3ximas horas. A este n\u00famero hay que sumarle los j\u00f3venes extreme\u00f1os que peregrinan a Cracovia con sus movimientos y colegios.  <\/p>\n<p>Entre los actos centrales encontramos la misa de apertura el martes 26, la acogida al Santo Padre la noche del jueves 28, la Vigilia de oraci\u00f3n en Campus Misericordiae el s\u00e1bado 30 y la misa de clausura el domingo 31. Adem\u00e1s, los j\u00f3venes participar\u00e1n en catequesis con los Obispos, en un Festival de la Juventud y un Via Crucis con el Papa Francisco en el Parque Bolonia.<\/p>\n","protected":false},"excerpt":{"rendered":"<p>Del 26 al 31 de julio Cracovia (Polonia) acoge las Jornadas Mundiales de la Juventud que congregar\u00e1 a millares de j\u00f3venes llegados de todos los puntos del mundo y que contar\u00e1 con la presencia del Papa Francisco, desde el d\u00eda 28 de julio.<\/p>\n","protected":false},"author":1,"featured_media":0,"comment_status":"closed","ping_status":"closed","sticky":false,"template":"","format":"standard","meta":{"footnotes":""},"categories":[23],"tags":[],"_links":{"self":[{"href":"https:\/\/diocesisplasencia.org\/hemeroteca\/wp-json\/wp\/v2\/posts\/3698"}],"collection":[{"href":"https:\/\/diocesisplasencia.org\/hemeroteca\/wp-json\/wp\/v2\/posts"}],"about":[{"href":"https:\/\/diocesisplasencia.org\/hemeroteca\/wp-json\/wp\/v2\/types\/post"}],"author":[{"embeddable":true,"href":"https:\/\/diocesisplasencia.org\/hemeroteca\/wp-json\/wp\/v2\/users\/1"}],"replies":[{"embeddable":true,"href":"https:\/\/diocesisplasencia.org\/hemeroteca\/wp-json\/wp\/v2\/comments?post=3698"}],"version-history":[{"count":0,"href":"https:\/\/diocesisplasencia.org\/hemeroteca\/wp-json\/wp\/v2\/posts\/3698\/revisions"}],"wp:attachment":[{"href":"https:\/\/diocesisplasencia.org\/hemeroteca\/wp-json\/wp\/v2\/media?parent=3698"}],"wp:term":[{"taxonomy":"category","embeddable":true,"href":"https:\/\/diocesisplasencia.org\/hemeroteca\/wp-json\/wp\/v2\/categories?post=3698"},{"taxonomy":"post_tag","embeddable":true,"href":"https:\/\/diocesisplasencia.org\/hemeroteca\/wp-json\/wp\/v2\/tags?post=3698"}],"curies":[{"name":"wp","href":"https:\/\/api.w.org\/{rel}","templated":true}]}}