{"id":3694,"date":"2016-07-25T09:58:00","date_gmt":"2016-07-25T08:58:00","guid":{"rendered":"http:\/\/www.diocesisplasencia.org\/w\/?p=3694"},"modified":"2016-07-25T09:58:00","modified_gmt":"2016-07-25T08:58:00","slug":"las-obras-de-consolidacin-del-torren-de-la-barbacana-terminarn-en-agosto","status":"publish","type":"post","link":"https:\/\/diocesisplasencia.org\/hemeroteca\/las-obras-de-consolidacin-del-torren-de-la-barbacana-terminarn-en-agosto\/","title":{"rendered":"Las obras de consolidaci\u00f3n del torre\u00f3n de la barbacana terminar\u00e1n en agosto"},"content":{"rendered":"<p><a href=\"http:\/\/www.hoy.es\/plasencia\/201607\/25\/obras-consolidacion-torreon-barbacana-20160725000801-v.html\" target=\"_blank\" rel=\"noopener noreferrer\">DIARIO HOY 25-07-16<\/a><\/p>\n<p>Las obras de consolidaci\u00f3n del torre\u00f3n de la barbacana de la muralla estar\u00e1n terminadas previsiblemente a mediados del mes de agosto. Los trabajos deber\u00e1n paralizarse unos d\u00edas ya que este rinc\u00f3n de la muralla y tambi\u00e9n el enlosado de la Catedral se abrir\u00e1n al p\u00fablico durante los actos de celebraci\u00f3n del Martes Mayor, tanto el lunes 1 de agosto como el d\u00eda 2.<\/p>\n<p><!--more--><\/p>\n<p><p>El arquitecto del Obispado, Ricardo Ortega, asegur\u00f3 que se est\u00e1n dando mucho prisa para agilizar la restauraci\u00f3n al m\u00e1ximo. Para que la zona se pueda visitar de una manera c\u00f3moda y agradable, se retirar\u00e1n los andamios y todos los elementos de la obra y una vez pasado el Martes Mayor, se volver\u00e1 a montar todo el andamiaje para terminar los trabajos en la parte que corresponde al Palacio Episcopal. <\/p>\n<p>PUBLICIDAD <\/p>\n<p><a href=\"http:\/\/inread-experience.teads.tv\">inRead invented by Teads<\/a> <\/p>\n<p>La consolidaci\u00f3n del cubo de la muralla era una obra necesaria que hab\u00eda que realizar, pero la intensas lluvias de la pasada primavera provocaron un derrumbe de parte de la cornisa y ha sido necesario agilizar la reparaci\u00f3n. La cubierta tambi\u00e9n se vio afectada por la climatolog\u00eda y se rompieron varias vigas de madera. La obra consiste en sustituir todos los elementos de la cornisa como es la estructura de madera, el ladrillo cer\u00e1mico y las tejas. Se ha colocado madera laminada nueva pero para respetar su autenticidad se colocar\u00e1n tejas nuevas en la parte inferior, que no quedan a la vista, y tejas antiguas en la parte exterior. En la cornisa tambi\u00e9n aparecieron algunas grietas que han quedado selladas para que no entre agua y se vuelva a deteriorar. <\/p>\n<p>La barbacana de la muralla y el ensolado de la Catedral volver\u00e1n a convertirse en uno de los rincones m\u00e1s visitados durante la celebraci\u00f3n del Martes Mayor. Previsiblemente, este espacio tambi\u00e9n ser\u00e1 objeto de visitas durante la celebraci\u00f3n de la Noche Abierta programada para el 24 de septiembre, tal y como sucedi\u00f3 el a\u00f1o pasado con gran \u00e9xito de p\u00fablico. El Consistorio ha expresado en numerosas ocasiones su idea de que este rinc\u00f3n pueda sumarse a la oferta tur\u00edstica. No obstante, la delegada de Patrimonio Cultural de la di\u00f3cesis, Mercedes Orantos, avanz\u00f3 que el Obispado solicitar\u00e1 la puesta en marcha de un sistema de vigilancia con c\u00e1maras de seguridad. La zona que quedar\u00e1 abierta al p\u00fablico es justo la pared medianera entre la barbacana y el Palacio Episcopal, por lo que creen necesario que haya <\/p>\n","protected":false},"excerpt":{"rendered":"<p>DIARIO HOY 25-07-16 Las obras de consolidaci\u00f3n del torre\u00f3n de la barbacana de la muralla estar\u00e1n terminadas previsiblemente a mediados del mes de agosto. Los trabajos deber\u00e1n paralizarse unos d\u00edas ya que este rinc\u00f3n de la muralla y tambi\u00e9n el enlosado de la Catedral se&#8230;<\/p>\n","protected":false},"author":1,"featured_media":0,"comment_status":"closed","ping_status":"closed","sticky":false,"template":"","format":"standard","meta":{"footnotes":""},"categories":[39],"tags":[],"_links":{"self":[{"href":"https:\/\/diocesisplasencia.org\/hemeroteca\/wp-json\/wp\/v2\/posts\/3694"}],"collection":[{"href":"https:\/\/diocesisplasencia.org\/hemeroteca\/wp-json\/wp\/v2\/posts"}],"about":[{"href":"https:\/\/diocesisplasencia.org\/hemeroteca\/wp-json\/wp\/v2\/types\/post"}],"author":[{"embeddable":true,"href":"https:\/\/diocesisplasencia.org\/hemeroteca\/wp-json\/wp\/v2\/users\/1"}],"replies":[{"embeddable":true,"href":"https:\/\/diocesisplasencia.org\/hemeroteca\/wp-json\/wp\/v2\/comments?post=3694"}],"version-history":[{"count":0,"href":"https:\/\/diocesisplasencia.org\/hemeroteca\/wp-json\/wp\/v2\/posts\/3694\/revisions"}],"wp:attachment":[{"href":"https:\/\/diocesisplasencia.org\/hemeroteca\/wp-json\/wp\/v2\/media?parent=3694"}],"wp:term":[{"taxonomy":"category","embeddable":true,"href":"https:\/\/diocesisplasencia.org\/hemeroteca\/wp-json\/wp\/v2\/categories?post=3694"},{"taxonomy":"post_tag","embeddable":true,"href":"https:\/\/diocesisplasencia.org\/hemeroteca\/wp-json\/wp\/v2\/tags?post=3694"}],"curies":[{"name":"wp","href":"https:\/\/api.w.org\/{rel}","templated":true}]}}