{"id":3676,"date":"2016-06-28T10:26:00","date_gmt":"2016-06-28T09:26:00","guid":{"rendered":"http:\/\/www.diocesisplasencia.org\/w\/?p=3676"},"modified":"2016-06-28T10:26:00","modified_gmt":"2016-06-28T09:26:00","slug":"comienzan-las-jornadas-sobre-patrimonio-cultural-de-la-iglesia-catlica","status":"publish","type":"post","link":"https:\/\/diocesisplasencia.org\/hemeroteca\/comienzan-las-jornadas-sobre-patrimonio-cultural-de-la-iglesia-catlica\/","title":{"rendered":"Comienzan las jornadas sobre patrimonio cultural de la iglesia cat\u00f3lica"},"content":{"rendered":"<p><a href=\"http:\/\/www.hoy.es\/plasencia\/201606\/27\/comienzan-jornadas-sobre-patrimonio-20160627013434-v.html\" target=\"_blank\" rel=\"noopener noreferrer\">DIARIO HOY 28-06-16<\/a><\/p>\n<p>Las XXXVI Jornadas Nacionales de Patrimonio Cultural de la Iglesia se celebrar\u00e1n desde hoy lunes hasta el jueves 30 de junio en Plasencia bajo el lema &#8216;La belleza que evangeliza. De la experiencia de Am\u00e9rica al mundo actual&#8217;. Durante estos cuatro d\u00edas, delegados de patrimonio de todas las di\u00f3cesis espa\u00f1olas y tambi\u00e9n de diferentes puntos del mundo van a estudiar un documento de la Santa Sede, promulgado en el a\u00f1o 2006, en el que se plantea el encuentro con la verdad y con el bien a trav\u00e9s de la belleza.<\/p>\n","protected":false},"excerpt":{"rendered":"<p>DIARIO HOY 28-06-16 Las XXXVI Jornadas Nacionales de Patrimonio Cultural de la Iglesia se celebrar\u00e1n desde hoy lunes hasta el jueves 30 de junio en Plasencia bajo el lema &#8216;La belleza que evangeliza. De la experiencia de Am\u00e9rica al mundo actual&#8217;. Durante estos cuatro d\u00edas,&#8230;<\/p>\n","protected":false},"author":1,"featured_media":0,"comment_status":"closed","ping_status":"closed","sticky":false,"template":"","format":"standard","meta":{"footnotes":""},"categories":[39],"tags":[],"_links":{"self":[{"href":"https:\/\/diocesisplasencia.org\/hemeroteca\/wp-json\/wp\/v2\/posts\/3676"}],"collection":[{"href":"https:\/\/diocesisplasencia.org\/hemeroteca\/wp-json\/wp\/v2\/posts"}],"about":[{"href":"https:\/\/diocesisplasencia.org\/hemeroteca\/wp-json\/wp\/v2\/types\/post"}],"author":[{"embeddable":true,"href":"https:\/\/diocesisplasencia.org\/hemeroteca\/wp-json\/wp\/v2\/users\/1"}],"replies":[{"embeddable":true,"href":"https:\/\/diocesisplasencia.org\/hemeroteca\/wp-json\/wp\/v2\/comments?post=3676"}],"version-history":[{"count":0,"href":"https:\/\/diocesisplasencia.org\/hemeroteca\/wp-json\/wp\/v2\/posts\/3676\/revisions"}],"wp:attachment":[{"href":"https:\/\/diocesisplasencia.org\/hemeroteca\/wp-json\/wp\/v2\/media?parent=3676"}],"wp:term":[{"taxonomy":"category","embeddable":true,"href":"https:\/\/diocesisplasencia.org\/hemeroteca\/wp-json\/wp\/v2\/categories?post=3676"},{"taxonomy":"post_tag","embeddable":true,"href":"https:\/\/diocesisplasencia.org\/hemeroteca\/wp-json\/wp\/v2\/tags?post=3676"}],"curies":[{"name":"wp","href":"https:\/\/api.w.org\/{rel}","templated":true}]}}