{"id":3654,"date":"2016-06-19T10:04:00","date_gmt":"2016-06-19T09:04:00","guid":{"rendered":"http:\/\/www.diocesisplasencia.org\/w\/?p=3654"},"modified":"2016-06-19T10:04:00","modified_gmt":"2016-06-19T09:04:00","slug":"jornadas-nacionales-de-patrimonio-cultural-de-la-iglesia","status":"publish","type":"post","link":"https:\/\/diocesisplasencia.org\/hemeroteca\/jornadas-nacionales-de-patrimonio-cultural-de-la-iglesia\/","title":{"rendered":"Jornadas nacionales de Patrimonio Cultural de la Iglesia"},"content":{"rendered":"<p><a href=\"http:\/\/www.elperiodicoextremadura.com\/noticias\/plasencia\/jornadas-nacionales-patrimonio-cultural-iglesia_945216.html\" target=\"_blank\" rel=\"noopener noreferrer\">EL PERI\u00d3DICO EXTREMADURA 19-06-16<\/a><\/p>\n<p>LA CIUDAD acoger\u00e1, del 27 al 30 de este mes las XXX Jornadas Nacionales de Patrimonio Cultural de la Iglesia, cuyo eje central ser\u00e1 la evangelizaci\u00f3n de Am\u00e9rica, \u00abpor la importancia que tuvo Extremadura en la evangelizaci\u00f3n en dar a conocer el misterio de la fe en el continente americano\u00bb, se\u00f1al\u00f3 Pablo Delclaux, director del secretariado de la Comisi\u00f3n para el Patrimonio Cultural. Hay unos 60 inscritos, que asistir\u00e1n a ponencias en Las Claras y viajar\u00e1n a Yuste y Trujillo.<\/p>\n","protected":false},"excerpt":{"rendered":"<p>EL PERI\u00d3DICO EXTREMADURA 19-06-16 LA CIUDAD acoger\u00e1, del 27 al 30 de este mes las XXX Jornadas Nacionales de Patrimonio Cultural de la Iglesia, cuyo eje central ser\u00e1 la evangelizaci\u00f3n de Am\u00e9rica, \u00abpor la importancia que tuvo Extremadura en la evangelizaci\u00f3n en dar a conocer&#8230;<\/p>\n","protected":false},"author":1,"featured_media":0,"comment_status":"closed","ping_status":"closed","sticky":false,"template":"","format":"standard","meta":{"footnotes":""},"categories":[39],"tags":[],"_links":{"self":[{"href":"https:\/\/diocesisplasencia.org\/hemeroteca\/wp-json\/wp\/v2\/posts\/3654"}],"collection":[{"href":"https:\/\/diocesisplasencia.org\/hemeroteca\/wp-json\/wp\/v2\/posts"}],"about":[{"href":"https:\/\/diocesisplasencia.org\/hemeroteca\/wp-json\/wp\/v2\/types\/post"}],"author":[{"embeddable":true,"href":"https:\/\/diocesisplasencia.org\/hemeroteca\/wp-json\/wp\/v2\/users\/1"}],"replies":[{"embeddable":true,"href":"https:\/\/diocesisplasencia.org\/hemeroteca\/wp-json\/wp\/v2\/comments?post=3654"}],"version-history":[{"count":0,"href":"https:\/\/diocesisplasencia.org\/hemeroteca\/wp-json\/wp\/v2\/posts\/3654\/revisions"}],"wp:attachment":[{"href":"https:\/\/diocesisplasencia.org\/hemeroteca\/wp-json\/wp\/v2\/media?parent=3654"}],"wp:term":[{"taxonomy":"category","embeddable":true,"href":"https:\/\/diocesisplasencia.org\/hemeroteca\/wp-json\/wp\/v2\/categories?post=3654"},{"taxonomy":"post_tag","embeddable":true,"href":"https:\/\/diocesisplasencia.org\/hemeroteca\/wp-json\/wp\/v2\/tags?post=3654"}],"curies":[{"name":"wp","href":"https:\/\/api.w.org\/{rel}","templated":true}]}}