{"id":3644,"date":"2016-06-14T09:43:00","date_gmt":"2016-06-14T08:43:00","guid":{"rendered":"http:\/\/www.diocesisplasencia.org\/w\/?p=3644"},"modified":"2016-06-14T09:43:00","modified_gmt":"2016-06-14T08:43:00","slug":"fallece-el-cannigo-de-la-catedral-francisco-gonzlez-cuesta","status":"publish","type":"post","link":"https:\/\/diocesisplasencia.org\/hemeroteca\/fallece-el-cannigo-de-la-catedral-francisco-gonzlez-cuesta\/","title":{"rendered":"Fallece el can\u00f3nigo de la catedral Francisco Gonz\u00e1lez Cuesta"},"content":{"rendered":"<p><a href=\"http:\/\/www.hoy.es\/plasencia\/201606\/14\/fallece-francisco-gonzalez-cuesta-20160614005017-v.html\" target=\"_blank\" rel=\"noopener noreferrer\">DIARIO HOY 14-06-16<\/a><\/p>\n<p>Francisco Gonz\u00e1lez Cuesta, can\u00f3nigo de la catedral y archivero de la Di\u00f3cesis, falleci\u00f3 ayer a los 85 a\u00f1os de edad. Nacido en Tornavacas y ordenado sacerdote en 1953, fue profesor de Historia en el instituto Gabriel y Gal\u00e1n, investigador, capell\u00e1n de la Escuela Hogar y premio San Fulgencio y Torre de Ambroz, adem\u00e1s de autor del episcopologio placentino. El funeral ser\u00e1 hoy a las 11.30 en la catedral.<\/p>\n","protected":false},"excerpt":{"rendered":"<p>DIARIO HOY 14-06-16 Francisco Gonz\u00e1lez Cuesta, can\u00f3nigo de la catedral y archivero de la Di\u00f3cesis, falleci\u00f3 ayer a los 85 a\u00f1os de edad. Nacido en Tornavacas y ordenado sacerdote en 1953, fue profesor de Historia en el instituto Gabriel y Gal\u00e1n, investigador, capell\u00e1n de la&#8230;<\/p>\n","protected":false},"author":1,"featured_media":0,"comment_status":"closed","ping_status":"closed","sticky":false,"template":"","format":"standard","meta":{"footnotes":""},"categories":[39],"tags":[],"_links":{"self":[{"href":"https:\/\/diocesisplasencia.org\/hemeroteca\/wp-json\/wp\/v2\/posts\/3644"}],"collection":[{"href":"https:\/\/diocesisplasencia.org\/hemeroteca\/wp-json\/wp\/v2\/posts"}],"about":[{"href":"https:\/\/diocesisplasencia.org\/hemeroteca\/wp-json\/wp\/v2\/types\/post"}],"author":[{"embeddable":true,"href":"https:\/\/diocesisplasencia.org\/hemeroteca\/wp-json\/wp\/v2\/users\/1"}],"replies":[{"embeddable":true,"href":"https:\/\/diocesisplasencia.org\/hemeroteca\/wp-json\/wp\/v2\/comments?post=3644"}],"version-history":[{"count":0,"href":"https:\/\/diocesisplasencia.org\/hemeroteca\/wp-json\/wp\/v2\/posts\/3644\/revisions"}],"wp:attachment":[{"href":"https:\/\/diocesisplasencia.org\/hemeroteca\/wp-json\/wp\/v2\/media?parent=3644"}],"wp:term":[{"taxonomy":"category","embeddable":true,"href":"https:\/\/diocesisplasencia.org\/hemeroteca\/wp-json\/wp\/v2\/categories?post=3644"},{"taxonomy":"post_tag","embeddable":true,"href":"https:\/\/diocesisplasencia.org\/hemeroteca\/wp-json\/wp\/v2\/tags?post=3644"}],"curies":[{"name":"wp","href":"https:\/\/api.w.org\/{rel}","templated":true}]}}