{"id":3617,"date":"2016-05-29T14:13:00","date_gmt":"2016-05-29T13:13:00","guid":{"rendered":"http:\/\/www.diocesisplasencia.org\/w\/?p=3617"},"modified":"2016-05-29T14:13:00","modified_gmt":"2016-05-29T13:13:00","slug":"francisco-rico-bayo-elegido-administrador-diocesano-de-plasencia","status":"publish","type":"post","link":"https:\/\/diocesisplasencia.org\/hemeroteca\/francisco-rico-bayo-elegido-administrador-diocesano-de-plasencia\/","title":{"rendered":"Francisco Rico Bayo, elegido administrador diocesano de Plasencia"},"content":{"rendered":"<p><a href=\"http:\/\/www.diocesisplasencia.org\/w\/wp-content\/uploads\/2015\/e6dcaaa8d6a6_8171\/IMG_3763.jpg\"><img decoding=\"async\" style=\"background-image: none; border-bottom: 0px; border-left: 0px; margin: 0px auto; padding-left: 0px; padding-right: 0px; display: block; float: none; border-top: 0px; border-right: 0px; padding-top: 0px\" title=\"IMG_3763\" border=\"0\" alt=\"IMG_3763\" src=\"http:\/\/www.diocesisplasencia.org\/w\/wp-content\/uploads\/2015\/e6dcaaa8d6a6_8171\/IMG_3763_thumb.jpg\" width=\"186\" height=\"221\"><\/a><\/p>\n<p>Este domingo, 29 de Mayo, en el obispado de Plasencia, el Colegio de Consultores de Plasencia ha elegido a don Francisco Rico Bayo como nuevo Administrador Diocesano. El Colegio de Consultores lo forman doce sacerdotes designados leg\u00edtimamente por el obispo y presididos por el Consultor de m\u00e1s edad en ordenaci\u00f3n sacerdotal. Don Francisco ha sido elegido en primera votaci\u00f3n, ha aceptado la elecci\u00f3n y ha asumido el cargo, emitiendo la profesi\u00f3n de fe ante el Colegio de Consultores.<\/p>\n<p><!--more--><\/p>\n<p><p>Con la toma de posesi\u00f3n de Mons. Amadeo Rodr\u00edguez Magro como obispo de Ja\u00e9n el s\u00e1bado 28 de Mayo, la di\u00f3cesis de Plasencia se queda con \u201csede vacante\u201d. La Sede episcopal de Plasencia estar\u00e1 vacante, desocupada y no habr\u00e1 obispo propio. Pero a partir de hoy cuenta con un administrador diocesano. El gran criterio de actuaci\u00f3n para el Administrador Diocesano es que \u201cmientras la Sede est\u00e9 vacante, no se debe innovar nada\u201d (CIC 428), no se puede innovar-cambiar el rumbo de la vida y acci\u00f3n pastoral, pero s\u00ed se han de mantener y activar todos los objetivos pastorales leg\u00edtimamente marcados en la Di\u00f3cesis. El Administrador Diocesano no puede realizar ning\u00fan acto que pueda causar un perjuicio en la Di\u00f3cesis y cesa su cargo cuando el nuevo obispo toma posesi\u00f3n de la Di\u00f3cesis. <\/p>\n<p>Nacido en Candelario en 1942. Estudio en el Seminario Diocesano de Plasencia y se licenci\u00f3 en Derecho Can\u00f3nico. Ordenado sacerdote en Plasencia el 12 de Junio de 1965 <\/p>\n<p>CARGOS PASTORALES<br \/>Coadjutor y P\u00e1rroco en Navaconcejo. Arcipreste de Cabezuela. Profesor de religi\u00f3n en el Colegio libre adoptado de Navaconcejo. P\u00e1rroco de San Juan de B\u00e9jar. Arcipreste de B\u00e9jar. Juez Diocesano. Miembro del Consejo de Direcci\u00f3n del S\u00ednodo. Vicario General y Vicario Judicial, Moderador de Curia, Can\u00f3nigo Doctoral y De\u00e1n de la Santa Iglesia Catedral y P\u00e1rroco de Santa Mar\u00eda y su filial San Nicol\u00e1s. <\/p>\n","protected":false},"excerpt":{"rendered":"<p>Este domingo, 29 de Mayo, en el obispado de Plasencia, el Colegio de Consultores de Plasencia ha elegido a don Francisco Rico Bayo como nuevo Administrador Diocesano. El Colegio de Consultores lo forman doce sacerdotes designados leg\u00edtimamente por el obispo y presididos por el Consultor&#8230;<\/p>\n","protected":false},"author":1,"featured_media":0,"comment_status":"closed","ping_status":"closed","sticky":false,"template":"","format":"standard","meta":{"footnotes":""},"categories":[23],"tags":[],"_links":{"self":[{"href":"https:\/\/diocesisplasencia.org\/hemeroteca\/wp-json\/wp\/v2\/posts\/3617"}],"collection":[{"href":"https:\/\/diocesisplasencia.org\/hemeroteca\/wp-json\/wp\/v2\/posts"}],"about":[{"href":"https:\/\/diocesisplasencia.org\/hemeroteca\/wp-json\/wp\/v2\/types\/post"}],"author":[{"embeddable":true,"href":"https:\/\/diocesisplasencia.org\/hemeroteca\/wp-json\/wp\/v2\/users\/1"}],"replies":[{"embeddable":true,"href":"https:\/\/diocesisplasencia.org\/hemeroteca\/wp-json\/wp\/v2\/comments?post=3617"}],"version-history":[{"count":0,"href":"https:\/\/diocesisplasencia.org\/hemeroteca\/wp-json\/wp\/v2\/posts\/3617\/revisions"}],"wp:attachment":[{"href":"https:\/\/diocesisplasencia.org\/hemeroteca\/wp-json\/wp\/v2\/media?parent=3617"}],"wp:term":[{"taxonomy":"category","embeddable":true,"href":"https:\/\/diocesisplasencia.org\/hemeroteca\/wp-json\/wp\/v2\/categories?post=3617"},{"taxonomy":"post_tag","embeddable":true,"href":"https:\/\/diocesisplasencia.org\/hemeroteca\/wp-json\/wp\/v2\/tags?post=3617"}],"curies":[{"name":"wp","href":"https:\/\/api.w.org\/{rel}","templated":true}]}}